{"id":10532,"date":"2022-07-18T09:27:06","date_gmt":"2022-07-18T07:27:06","guid":{"rendered":"https:\/\/www.vonameland.de\/?p=10532"},"modified":"2022-07-18T09:27:07","modified_gmt":"2022-07-18T07:27:07","slug":"ppp-update-bergfest-eine-woche-ist-rum","status":"publish","type":"post","link":"https:\/\/www.vonameland.de\/index.php\/2022\/07\/18\/ppp-update-bergfest-eine-woche-ist-rum\/","title":{"rendered":"PPP-Update: Bergfest &#8211; eine Woche ist rum"},"content":{"rendered":"\n<p>Ihr habt es schon geh\u00f6rt: Die C-Crew hat unser Schiff geentert. Allerdings haben wir uns auch nicht gewehrt, weil echte Piraten ja zusammenhalten. Unser Teil des Schiffes ist immer noch gro\u00df genug f\u00fcr uns und wir konnten gestern in der Morgensonne die Hobbygruppen auf dem Deck durchf\u00fchren. Ein paar unserer Piraten haben Quallen gefischt, Seemannsknoten ge\u00fcbt und der Rest hat Beutel f\u00fcr den n\u00e4chsten Landgang gestaltet. <\/p>\n\n\n\n<p>Zu Mittag haben wir uns mit leckerem Kassler und Kartoffelp\u00fcree gest\u00e4rkt, damit wir uns am Nachmittag auf unsere Talentshow am Abend vorbereiten konnten. Wir hatten echt coole Talente dabei: T\u00e4nzerinnen, Witzeerz\u00e4hler, einen Sketch und es wurde sogar ein Gedicht \u00fcber unsere Freizeit geschrieben. Auch die Leiter haben eine Show vorbereitet, die alle von den St\u00fchlen riss. Die C-Crew legte auch einen richtig guten Auftritt hin, mit dem wir alle garnicht gerechnet hatten. Trotz Krankheit haben sie uns sehr beeindruckt. <\/p>\n\n\n\n<p>Nach der Talentshow war die Stimmung an Deck so ausgelassen, dass wir, zusammen mit der C-Crew unser Bergfest feiern konnten. Zwar immer noch auf Abstand, und anders als sonst nicht im Schiffsbauch, aber wir konnten trotzdem alles, was uns auf der Piraten-Seele lag, wegtanzen. Es war auch sehr sch\u00f6n, die anderen Piraten der C-Crew alle wieder zu sehen. <\/p>\n\n\n\n<hr class=\"wp-block-separator has-alpha-channel-opacity\" \/>\n\n\n\n<p>Nun sind wir schon eine Woche auf Ameland,<br>inzwischen sind wir \u00fcberall bekannt.<br>Am Tag der Ankunft waren wir sehr aufgeregt,<br>und haben unsere Sachen in den Schrank gelegt.<br>Uns sind die Zimmer ein bisschen zu klein,<br>Wie passen wir da alle rein?<br><br>Wir wohnen im Arendsnest,<br>Heut\u00b4Abend feiern wir ein Fest.<br>Wir erkundeten das Haus,<br>danach gingen wir auf die Wiese raus.<br>Uns machte das sehr viel Spa\u00df,<br>besonders mit Otto und Lars.<br><br>Leider haben sie jetzt Corona,<br>deswegen h\u00e4ngen wir uns an Jonah.<br>Auch viele andere von uns sind jetzt krank,<br>zum Gl\u00fcck haben wir einen gef\u00fcllten Medikamentenschrank.<br><br>Besonders gefallen hat uns die Hobbyzeit,<br>Wir sind immer f\u00fcr neue Armb\u00e4nder bereit.<br><br>Vielen Dank auch an die K\u00fcche,<br>von da kamen immer tolle Ger\u00fcche.<br>Uns schmeckt das Essen, <br>Wir haben mit Genuss gegessen.<br><br>Toll war die Treckerfahrt am Strand,<br>doch unsere Schuhe waren voller Sand.<br>Sch\u00f6n war auch das Schmuggler-Spiel,<br>vor den Leitern wegrennen mussten wir viel.<br><br>Wir sind ein musikalisches Lager<br>und h\u00f6ren viele Schlager.<br>Vielen Dank f\u00fcrs Zuh\u00f6ren,<br>doch mit unserem Gedicht m\u00fcssen wir jetzt aufh\u00f6ren.<br><br>Von Julian, Henning, Dana, Hannah und Anton<\/p>\n\n\n\n<hr class=\"wp-block-separator has-alpha-channel-opacity\" \/>\n\n\n\n<div class=\"wp-block-columns is-layout-flex wp-container-core-columns-is-layout-9d6595d7 wp-block-columns-is-layout-flex\">\n<div class=\"wp-block-column is-layout-flow wp-block-column-is-layout-flow\" style=\"flex-basis:44.45%\">\n<figure class=\"wp-block-image size-large\"><img loading=\"lazy\" decoding=\"async\" width=\"768\" height=\"1024\" src=\"https:\/\/www.vonameland.de\/wp-content\/uploads\/2022\/07\/20220716_105025-768x1024.jpg\" alt=\"\" class=\"wp-image-10537\" srcset=\"https:\/\/www.vonameland.de\/wp-content\/uploads\/2022\/07\/20220716_105025-768x1024.jpg 768w, https:\/\/www.vonameland.de\/wp-content\/uploads\/2022\/07\/20220716_105025-225x300.jpg 225w, https:\/\/www.vonameland.de\/wp-content\/uploads\/2022\/07\/20220716_105025-570x760.jpg 570w, https:\/\/www.vonameland.de\/wp-content\/uploads\/2022\/07\/20220716_105025-rotated.jpg 900w\" sizes=\"auto, (max-width: 768px) 100vw, 768px\" \/><\/figure>\n<\/div>\n\n\n\n<div class=\"wp-block-column is-layout-flow wp-block-column-is-layout-flow\" style=\"flex-basis:22.22%\">\n<figure class=\"wp-block-image size-large\"><img loading=\"lazy\" decoding=\"async\" width=\"768\" height=\"1024\" src=\"https:\/\/www.vonameland.de\/wp-content\/uploads\/2022\/07\/20220716_105109-768x1024.jpg\" alt=\"\" class=\"wp-image-10539\" srcset=\"https:\/\/www.vonameland.de\/wp-content\/uploads\/2022\/07\/20220716_105109-768x1024.jpg 768w, https:\/\/www.vonameland.de\/wp-content\/uploads\/2022\/07\/20220716_105109-225x300.jpg 225w, https:\/\/www.vonameland.de\/wp-content\/uploads\/2022\/07\/20220716_105109-570x760.jpg 570w, https:\/\/www.vonameland.de\/wp-content\/uploads\/2022\/07\/20220716_105109-rotated.jpg 900w\" sizes=\"auto, (max-width: 768px) 100vw, 768px\" \/><\/figure>\n<\/div>\n\n\n\n<div class=\"wp-block-column is-layout-flow wp-block-column-is-layout-flow\" style=\"flex-basis:33.33%\"><\/div>\n<\/div>\n","protected":false},"excerpt":{"rendered":"<p>Ihr habt es schon geh\u00f6rt: Die C-Crew hat unser Schiff geentert. Allerdings haben wir uns auch nicht gewehrt, weil echte Piraten ja zusammenhalten. Unser Teil des Schiffes ist immer noch gro\u00df genug f\u00fcr uns und wir konnten gestern in der Morgensonne die Hobbygruppen auf dem Deck durchf\u00fchren. Ein paar unserer Piraten haben Quallen gefischt, Seemannsknoten [&hellip;]<\/p>\n","protected":false},"author":6,"featured_media":0,"comment_status":"open","ping_status":"open","sticky":false,"template":"","format":"standard","meta":{"ngg_post_thumbnail":0,"footnotes":""},"categories":[1],"tags":[],"class_list":{"0":"post-10532","1":"post","2":"type-post","3":"status-publish","4":"format-standard","6":"category-allgemein","7":"czr-hentry"},"_links":{"self":[{"href":"https:\/\/www.vonameland.de\/index.php\/wp-json\/wp\/v2\/posts\/10532","targetHints":{"allow":["GET"]}}],"collection":[{"href":"https:\/\/www.vonameland.de\/index.php\/wp-json\/wp\/v2\/posts"}],"about":[{"href":"https:\/\/www.vonameland.de\/index.php\/wp-json\/wp\/v2\/types\/post"}],"author":[{"embeddable":true,"href":"https:\/\/www.vonameland.de\/index.php\/wp-json\/wp\/v2\/users\/6"}],"replies":[{"embeddable":true,"href":"https:\/\/www.vonameland.de\/index.php\/wp-json\/wp\/v2\/comments?post=10532"}],"version-history":[{"count":4,"href":"https:\/\/www.vonameland.de\/index.php\/wp-json\/wp\/v2\/posts\/10532\/revisions"}],"predecessor-version":[{"id":10584,"href":"https:\/\/www.vonameland.de\/index.php\/wp-json\/wp\/v2\/posts\/10532\/revisions\/10584"}],"wp:attachment":[{"href":"https:\/\/www.vonameland.de\/index.php\/wp-json\/wp\/v2\/media?parent=10532"}],"wp:term":[{"taxonomy":"category","embeddable":true,"href":"https:\/\/www.vonameland.de\/index.php\/wp-json\/wp\/v2\/categories?post=10532"},{"taxonomy":"post_tag","embeddable":true,"href":"https:\/\/www.vonameland.de\/index.php\/wp-json\/wp\/v2\/tags?post=10532"}],"curies":[{"name":"wp","href":"https:\/\/api.w.org\/{rel}","templated":true}]}}