{"id":10943,"date":"2023-07-01T10:33:52","date_gmt":"2023-07-01T08:33:52","guid":{"rendered":"https:\/\/www.vonameland.de\/?p=10943"},"modified":"2023-07-01T10:33:52","modified_gmt":"2023-07-01T08:33:52","slug":"countdown-ameland-23","status":"publish","type":"post","link":"https:\/\/www.vonameland.de\/index.php\/2023\/07\/01\/countdown-ameland-23\/","title":{"rendered":"Countdown Ameland &#8217;23"},"content":{"rendered":"\n<p>Eine Woche bis Ameland &#8211; der Countdown startet und mit ihm der Endspurt. Das Team Orange ist schon seit Wochen in der intensiven Vorbereitung f\u00fcr die Fahrt &#8211; die letzte Woche ist immer besonders aufregend, weil die letzten Eink\u00e4ufe und Besorgungen anstehen, der LKW gepackt wird und sich der erste Teil des Teams am kommenden Freitag bereits auf den Weg macht.&nbsp;<\/p>\n\n\n\n<p>Wir haben f\u00fcr euch noch einmal die wichtigsten Termine und Infos im \u00dcberblick:&nbsp;<\/p>\n\n\n\n<h3 class=\"wp-block-heading\">Mittwoch, 05.07. &#8211; Kofferabgabe<\/h3>\n\n\n\n<p>18:00 &#8211; 20:00 Uhr<\/p>\n\n\n\n<p>Ort: Ameland-Lager am Olakenweg 35A, 59457 Werl<\/p>\n\n\n\n<p>Anfahrt: Der Olakenweg ist zurzeit nur von der Industriestra\u00dfe erreichbar. Die Zufahrt aus Richtung St. Peter ist derzeit nicht m\u00f6glich.&nbsp;Wir w\u00fcrden euch zudem bitten, am Anfang des Olakenwegs und den umliegenden Stra\u00dfen zu parken, da wir eine freie Stra\u00dfe zum LKW ben\u00f6tigen und zur Sicherheit aller, gerne den Verkehr direkt vor dem Lager minimieren m\u00f6chten.<\/p>\n\n\n\n<p>Wir stehen f\u00fcr euch von 18 bis 20 Uhr bereit und nehmen eure Koffer entgegen. Checkt vorher nochmal die Packliste, dann sollte nichts schief gehen. Falls ihr euren Schlafsack extra habt, markiert ihn am besten mit eurem Namen.&nbsp;<\/p>\n\n\n\n<p>Denkt bei der Kofferabgabe bitte an all die Unterlagen, die ihr noch nicht bei uns eingereicht habt. Die \u00dcbersicht der ben\u00f6tigten Unterlagen sind im Infobrief aufgef\u00fchrt. Hier besteht auch nochmal die M\u00f6glichkeit, letzte Infos zum Beispiel zur Medikation oder Sonstigem mit dem Team, dass die Unterlagen verwaltet, zu besprechen.<\/p>\n\n\n\n<h4 class=\"wp-block-heading\">Kuchenspenden<\/h4>\n\n\n\n<p>Wir und vor allem die Kinder freuen sich sehr \u00fcber Kuchenspenden, die uns unsere Ferienfreizeit vers\u00fc\u00dfen! Folgendes bitte beachten: Feste Kuchen, Muffins, ohne Cremef\u00fcllungen, die gut einzufrieren sind, da wir sie nach und nach auftauen werden. Bitte in Alufolie (keine Tupper!) einwickeln und beschriften, um was f\u00fcr einen Kuchen es sich handelt.\u00a0<\/p>\n\n\n\n<h3 class=\"wp-block-heading\">Samstag, 08.07. &#8211; Abfahrt<\/h3>\n\n\n\n<p>07:30 Uhr Treffen<\/p>\n\n\n\n<p>Ort: Ehemalige Overbergschule&nbsp; &#8211; Wickeder Stra\u00dfe 2, 59457 Werl<\/p>\n\n\n\n<p>Wir m\u00f6chten p\u00fcnktlich um 08:00 Uhr abfahren und bitten euch, euch um 07:30 Uhr an dem genannten Treffpunkt einzufinden und euch bei Caja anzumelden und die allerletzten Unterlagen, Medikamente etc. abzugeben.&nbsp;<\/p>\n\n\n\n<p>Bevor wir abfahren, machen wir noch ein schnelles Gruppenfoto, sagen Tsch\u00fcss und dann kann es auch schon losgehen &#8211; auf in ein neues Ameland-Jahr.&nbsp;<\/p>\n\n\n\n<p>Hinweis: Nehmt euch f\u00fcr die Reise ein paar Snacks mit.\u00a0Im Bus darf sowieso nicht gegessen werden, aber in den Pausen und auf der F\u00e4hre. Wir kommen so gegen 15 Uhr auf der Insel an und am Lager erwartet euch dann eine St\u00e4rkung, damit ihr im Anschluss die Zimmer beziehen k\u00f6nnt. M\u00f6glichst in Fr\u00fchst\u00fcckst\u00fcten und keine Tupper, da diese gerne mal im Nirvana verschwindet oder erst nach zwei Wochen wieder auftaucht &#8211; mitsamt des Anreise-Br\u00f6tchens\u2026\u00a0<\/p>\n\n\n\n<h3 class=\"wp-block-heading\">Motto 2023<\/h3>\n\n\n\n<p>Neben den Terminen sollte das Wichtigste f\u00fcr die Teilnehmenden nicht zu kurz kommen &#8211; unser Motto f\u00fcr dieses Jahr!<\/p>\n\n\n\n<p>Ihr d\u00fcrft auch in diesem Jahr wieder flei\u00dfig raten, bevor das Geheimnis gel\u00fcftet wird! Folgt uns auf Instagram, dort findet ihr uns unter dem Namen sommertraumameland.werl<\/p>\n\n\n\n<p>Dort haben wir einen 1-Wochen-Countdown gestartet. \ud83d\ude42&nbsp;<\/p>\n\n\n\n<p>Wir freuen uns auf ein hoffentlich \u201eganz normales\u201c Jahr auf Ameland<\/p>\n\n\n\n<p>Das Team Orange<\/p>\n","protected":false},"excerpt":{"rendered":"<p>Eine Woche bis Ameland &#8211; der Countdown startet und mit ihm der Endspurt. Das Team Orange ist schon seit Wochen in der intensiven Vorbereitung f\u00fcr die Fahrt &#8211; die letzte Woche ist immer besonders aufregend, weil die letzten Eink\u00e4ufe und Besorgungen anstehen, der LKW gepackt wird und sich der erste Teil des Teams am kommenden [&hellip;]<\/p>\n","protected":false},"author":3,"featured_media":11004,"comment_status":"closed","ping_status":"closed","sticky":false,"template":"","format":"standard","meta":{"ngg_post_thumbnail":0,"footnotes":""},"categories":[1,32],"tags":[36,33],"class_list":{"0":"post-10943","1":"post","2":"type-post","3":"status-publish","4":"format-standard","5":"has-post-thumbnail","7":"category-allgemein","8":"category-ameland-2023","9":"tag-ameland-2023","10":"tag-ferienfreizeit-2023","11":"czr-hentry"},"_links":{"self":[{"href":"https:\/\/www.vonameland.de\/index.php\/wp-json\/wp\/v2\/posts\/10943","targetHints":{"allow":["GET"]}}],"collection":[{"href":"https:\/\/www.vonameland.de\/index.php\/wp-json\/wp\/v2\/posts"}],"about":[{"href":"https:\/\/www.vonameland.de\/index.php\/wp-json\/wp\/v2\/types\/post"}],"author":[{"embeddable":true,"href":"https:\/\/www.vonameland.de\/index.php\/wp-json\/wp\/v2\/users\/3"}],"replies":[{"embeddable":true,"href":"https:\/\/www.vonameland.de\/index.php\/wp-json\/wp\/v2\/comments?post=10943"}],"version-history":[{"count":10,"href":"https:\/\/www.vonameland.de\/index.php\/wp-json\/wp\/v2\/posts\/10943\/revisions"}],"predecessor-version":[{"id":11007,"href":"https:\/\/www.vonameland.de\/index.php\/wp-json\/wp\/v2\/posts\/10943\/revisions\/11007"}],"wp:featuredmedia":[{"embeddable":true,"href":"https:\/\/www.vonameland.de\/index.php\/wp-json\/wp\/v2\/media\/11004"}],"wp:attachment":[{"href":"https:\/\/www.vonameland.de\/index.php\/wp-json\/wp\/v2\/media?parent=10943"}],"wp:term":[{"taxonomy":"category","embeddable":true,"href":"https:\/\/www.vonameland.de\/index.php\/wp-json\/wp\/v2\/categories?post=10943"},{"taxonomy":"post_tag","embeddable":true,"href":"https:\/\/www.vonameland.de\/index.php\/wp-json\/wp\/v2\/tags?post=10943"}],"curies":[{"name":"wp","href":"https:\/\/api.w.org\/{rel}","templated":true}]}}