{"id":11422,"date":"2023-07-24T21:21:49","date_gmt":"2023-07-24T19:21:49","guid":{"rendered":"https:\/\/www.vonameland.de\/?p=11422"},"modified":"2023-07-24T21:24:28","modified_gmt":"2023-07-24T19:24:28","slug":"een-jaar-op-juli","status":"publish","type":"post","link":"https:\/\/www.vonameland.de\/index.php\/2023\/07\/24\/een-jaar-op-juli\/","title":{"rendered":"een jaar later &#8211; Juli"},"content":{"rendered":"\n<p>Da sind wir nun &#8211; zur\u00fcck im Ausgangsmonat, in den Sommerferien, im Juli! Der letzte richtige Tag ist angebrochen und damit auch die Aufbruchstimmung. Das Wetter war zum ersten Mal so richtig schlecht und die Kinder sagten: der Himmel weint, weil wir morgen abreisen m\u00fcssen! Das war s\u00fc\u00df gesagt und so machten wir uns dran und r\u00e4umten das gesamte Lager zusammen. <\/p>\n\n\n\n<p>In einem ganzen Jahr verteilen sich so manche Spiele, Krimskrams und Anziehsachen im gesamten Lager und m\u00fcssen erstmal zu ihrem Besitzer zur\u00fcckfinden. Auch das Ferienfreizeitmaterial geh\u00f6rt wieder in die richtigen Kisten, damit es in der Heimat bei der n\u00e4chsten Inventur schnell von der Hand geht. Die K\u00fcche verschenkte noch Lebensmittel an andere Lager und bei der Klamottenversteigerung konnte das ein oder andere Shirt doch noch seinen Besitzer wiederfinden. Der Rest wird wie gewohnt am LKW und beim Nachtreffen versteigert. <\/p>\n\n\n\n<p>Die Leiter halfen beim Zimmer aufr\u00e4umen und Koffer packen und dann durften die Kinder noch bei Lukis Kiosk ihr letztes Taschengeld abholen und nach Nes. Die Leiter hatten dann ein freies Lager und konnten schon mal ein paar Kisten r\u00e4umen.<\/p>\n\n\n\n<p>Der Auflieger kam mit der F\u00e4hre am Mittag und danach konnte es so richtig losgehen mit dem LKW packen. <\/p>\n\n\n\n<p>Aber nicht ohne vorher noch Zimmerparty Nr. 3 zu feiern. W\u00e4hrend des Essens bauten die Leiter im Zimmer der gro\u00dfen M\u00e4dels Partylichter und Musikbox auf und \u00fcberraschten die Kinder erneut. Denn dann d\u00fcrfen so viele Kinder und Leiter in das Zimmer, wie Platz ist und nach 10 Minuten Party ist dann mit dem Zug-Lied das Ende eingel\u00e4utet und eine lange Polonaise verl\u00e4sst das Zimmer und alles verteilt sich wieder im Lager. <\/p>\n\n\n\n<p>Am Nachmittag gab es dann noch ein paar Hobbygruppen und Spiele, die zur freien Verf\u00fcgung standen und auch das Reporter-Team machte sich erneut auf den Weg! <\/p>\n\n\n\n<p>Vor dem Abendbrot fand dann noch das Abschlussspiel der Sp\u00fcl- und Spielgruppen statt. Beim Abschlussspiel gibt jedes gewonnene Spiel der letzten zwei Wochen der Gruppe ein paar Zeitvorteile. Trotzdem besteht f\u00fcr jede Gruppe die Chance zu gewinnen. Die letzten Jahre haben dies bewiesen. In diesem Jahr hat sich Gruppe F bereits w\u00e4hrend des Ameland-Jahres als sehr starkes Team herauskristallisiert und das Abschlussspiel auch f\u00fcr sich entschieden. Herzlichen Gl\u00fcckwunsch! <\/p>\n\n\n\n<div class=\"wp-block-columns is-layout-flex wp-container-core-columns-is-layout-9d6595d7 wp-block-columns-is-layout-flex\">\n<div class=\"wp-block-column is-layout-flow wp-block-column-is-layout-flow\">\n<figure class=\"wp-block-image size-large\"><img loading=\"lazy\" decoding=\"async\" width=\"1024\" height=\"683\" src=\"https:\/\/www.vonameland.de\/wp-content\/uploads\/2023\/07\/DSC_0771-1024x683.jpg\" alt=\"\" class=\"wp-image-11438\" srcset=\"https:\/\/www.vonameland.de\/wp-content\/uploads\/2023\/07\/DSC_0771-1024x683.jpg 1024w, https:\/\/www.vonameland.de\/wp-content\/uploads\/2023\/07\/DSC_0771-300x200.jpg 300w, https:\/\/www.vonameland.de\/wp-content\/uploads\/2023\/07\/DSC_0771-768x512.jpg 768w, https:\/\/www.vonameland.de\/wp-content\/uploads\/2023\/07\/DSC_0771-570x380.jpg 570w, https:\/\/www.vonameland.de\/wp-content\/uploads\/2023\/07\/DSC_0771.jpg 1200w\" sizes=\"auto, (max-width: 1024px) 100vw, 1024px\" \/><\/figure>\n<\/div>\n\n\n\n<div class=\"wp-block-column is-layout-flow wp-block-column-is-layout-flow\">\n<figure class=\"wp-block-image size-large\"><img loading=\"lazy\" decoding=\"async\" width=\"1024\" height=\"683\" src=\"https:\/\/www.vonameland.de\/wp-content\/uploads\/2023\/07\/DSC_0766-1024x683.jpg\" alt=\"\" class=\"wp-image-11439\" srcset=\"https:\/\/www.vonameland.de\/wp-content\/uploads\/2023\/07\/DSC_0766-1024x683.jpg 1024w, https:\/\/www.vonameland.de\/wp-content\/uploads\/2023\/07\/DSC_0766-300x200.jpg 300w, https:\/\/www.vonameland.de\/wp-content\/uploads\/2023\/07\/DSC_0766-768x512.jpg 768w, https:\/\/www.vonameland.de\/wp-content\/uploads\/2023\/07\/DSC_0766-570x380.jpg 570w, https:\/\/www.vonameland.de\/wp-content\/uploads\/2023\/07\/DSC_0766.jpg 1200w\" sizes=\"auto, (max-width: 1024px) 100vw, 1024px\" \/><\/figure>\n<\/div>\n\n\n\n<div class=\"wp-block-column is-layout-flow wp-block-column-is-layout-flow\">\n<figure class=\"wp-block-image size-large\"><img loading=\"lazy\" decoding=\"async\" width=\"1024\" height=\"683\" src=\"https:\/\/www.vonameland.de\/wp-content\/uploads\/2023\/07\/DSC_0798-1024x683.jpg\" alt=\"\" class=\"wp-image-11440\" srcset=\"https:\/\/www.vonameland.de\/wp-content\/uploads\/2023\/07\/DSC_0798-1024x683.jpg 1024w, https:\/\/www.vonameland.de\/wp-content\/uploads\/2023\/07\/DSC_0798-300x200.jpg 300w, https:\/\/www.vonameland.de\/wp-content\/uploads\/2023\/07\/DSC_0798-768x512.jpg 768w, https:\/\/www.vonameland.de\/wp-content\/uploads\/2023\/07\/DSC_0798-570x380.jpg 570w, https:\/\/www.vonameland.de\/wp-content\/uploads\/2023\/07\/DSC_0798.jpg 1200w\" sizes=\"auto, (max-width: 1024px) 100vw, 1024px\" \/><\/figure>\n<\/div>\n<\/div>\n\n\n\n<p>Nach dem Abendessen fand der traditionelle Abschlussabend statt. Wir machten es uns im Zelt gem\u00fctlich, sangen ein paar Lieder und blickten gemeinsam auf die letzten beiden vergangenen Wochen &#8211; unser ganz besonderes Ameland-Jahr 2023. <\/p>\n\n\n\n<div class=\"wp-block-columns is-layout-flex wp-container-core-columns-is-layout-9d6595d7 wp-block-columns-is-layout-flex\">\n<div class=\"wp-block-column is-layout-flow wp-block-column-is-layout-flow\">\n<figure class=\"wp-block-image size-large\"><img loading=\"lazy\" decoding=\"async\" width=\"1024\" height=\"683\" src=\"https:\/\/www.vonameland.de\/wp-content\/uploads\/2023\/07\/DSC_0878-1024x683.jpg\" alt=\"\" class=\"wp-image-11441\" srcset=\"https:\/\/www.vonameland.de\/wp-content\/uploads\/2023\/07\/DSC_0878-1024x683.jpg 1024w, https:\/\/www.vonameland.de\/wp-content\/uploads\/2023\/07\/DSC_0878-300x200.jpg 300w, https:\/\/www.vonameland.de\/wp-content\/uploads\/2023\/07\/DSC_0878-768x512.jpg 768w, https:\/\/www.vonameland.de\/wp-content\/uploads\/2023\/07\/DSC_0878-570x380.jpg 570w, https:\/\/www.vonameland.de\/wp-content\/uploads\/2023\/07\/DSC_0878.jpg 1200w\" sizes=\"auto, (max-width: 1024px) 100vw, 1024px\" \/><\/figure>\n<\/div>\n\n\n\n<div class=\"wp-block-column is-layout-flow wp-block-column-is-layout-flow\">\n<figure class=\"wp-block-image size-large\"><img loading=\"lazy\" decoding=\"async\" width=\"1024\" height=\"683\" src=\"https:\/\/www.vonameland.de\/wp-content\/uploads\/2023\/07\/DSC_0882-1-1024x683.jpg\" alt=\"\" class=\"wp-image-11442\" srcset=\"https:\/\/www.vonameland.de\/wp-content\/uploads\/2023\/07\/DSC_0882-1-1024x683.jpg 1024w, https:\/\/www.vonameland.de\/wp-content\/uploads\/2023\/07\/DSC_0882-1-300x200.jpg 300w, https:\/\/www.vonameland.de\/wp-content\/uploads\/2023\/07\/DSC_0882-1-768x512.jpg 768w, https:\/\/www.vonameland.de\/wp-content\/uploads\/2023\/07\/DSC_0882-1-570x380.jpg 570w, https:\/\/www.vonameland.de\/wp-content\/uploads\/2023\/07\/DSC_0882-1.jpg 1200w\" sizes=\"auto, (max-width: 1024px) 100vw, 1024px\" \/><\/figure>\n<\/div>\n<\/div>\n\n\n\n<p>Eine Fotoshow erinnerte uns an die Momente, die wir erlebt haben und f\u00fchrte uns vor Augen, wie viel wir eigentlich so gemacht haben. Irgendwann verschwimmen die Erlebnisse ineinander und man wei\u00df gar nicht mehr, was nochmal wann genau war. Umso besser, dass wir eine Menge &#8211; eine wirklich gro\u00dfe Menge! &#8211; Fotos haben, die dies festgehalten haben. Ihr k\u00f6nnt euch also auf das Nachtreffen freuen, wenn ihr die ganzen Bilder bekommt. <\/p>\n\n\n\n<p>Nach der Fotoshow durfte jeder sagen, was sein pers\u00f6nliches Ameland-Highlight war und wof\u00fcr man dankbar ist oder wem man gerne Danke sagen m\u00f6chte. Damit auch jeder etwas mit nach Hause nehmen kann, dass ihn an Ameland und unser &#8222;een Jaar op Ameland&#8220; erinnert, haben wir im Laufe des Tages von jedem einen H\u00e4ndeabdruck ausgeschnitten. Diese konnten dann beschriftet werden und wurden wieder in der Mitte gesammelt. Zum Ende des Abends durfte dann jeder eine Hand mit nach Hause nehmen! Die Kinder waren kreativ, ob Gedicht, etwas gemaltes, ein Dankesch\u00f6n oder W\u00fcnsche f\u00fcr das n\u00e4chste Jahr &#8211; es standen ganz tolle Dinge darauf. <\/p>\n\n\n\n<p>Die Ehrungen d\u00fcrfen am letzten Abend nat\u00fcrlich auch nicht fehlen. Alle, die mehrmals mitfahren und ihre Ameland-Jahre sammeln, erhalten dann ein kleines Ameland-Geschenk von uns.<\/p>\n\n\n\n<p> <\/p>\n\n\n\n<div class=\"wp-block-columns is-layout-flex wp-container-core-columns-is-layout-9d6595d7 wp-block-columns-is-layout-flex\">\n<div class=\"wp-block-column is-layout-flow wp-block-column-is-layout-flow\">\n<figure class=\"wp-block-image size-large\"><img loading=\"lazy\" decoding=\"async\" width=\"1024\" height=\"683\" src=\"https:\/\/www.vonameland.de\/wp-content\/uploads\/2023\/07\/DSC_0855-1024x683.jpg\" alt=\"\" class=\"wp-image-11443\" srcset=\"https:\/\/www.vonameland.de\/wp-content\/uploads\/2023\/07\/DSC_0855-1024x683.jpg 1024w, https:\/\/www.vonameland.de\/wp-content\/uploads\/2023\/07\/DSC_0855-300x200.jpg 300w, https:\/\/www.vonameland.de\/wp-content\/uploads\/2023\/07\/DSC_0855-768x512.jpg 768w, https:\/\/www.vonameland.de\/wp-content\/uploads\/2023\/07\/DSC_0855-570x380.jpg 570w, https:\/\/www.vonameland.de\/wp-content\/uploads\/2023\/07\/DSC_0855.jpg 1200w\" sizes=\"auto, (max-width: 1024px) 100vw, 1024px\" \/><\/figure>\n<\/div>\n\n\n\n<div class=\"wp-block-column is-layout-flow wp-block-column-is-layout-flow\">\n<figure class=\"wp-block-image size-large\"><img loading=\"lazy\" decoding=\"async\" width=\"1024\" height=\"683\" src=\"https:\/\/www.vonameland.de\/wp-content\/uploads\/2023\/07\/DSC_0850-1024x683.jpg\" alt=\"\" class=\"wp-image-11444\" srcset=\"https:\/\/www.vonameland.de\/wp-content\/uploads\/2023\/07\/DSC_0850-1024x683.jpg 1024w, https:\/\/www.vonameland.de\/wp-content\/uploads\/2023\/07\/DSC_0850-300x200.jpg 300w, https:\/\/www.vonameland.de\/wp-content\/uploads\/2023\/07\/DSC_0850-768x512.jpg 768w, https:\/\/www.vonameland.de\/wp-content\/uploads\/2023\/07\/DSC_0850-570x380.jpg 570w, https:\/\/www.vonameland.de\/wp-content\/uploads\/2023\/07\/DSC_0850.jpg 1200w\" sizes=\"auto, (max-width: 1024px) 100vw, 1024px\" \/><\/figure>\n<\/div>\n\n\n\n<div class=\"wp-block-column is-layout-flow wp-block-column-is-layout-flow\">\n<figure class=\"wp-block-image size-large\"><img loading=\"lazy\" decoding=\"async\" width=\"1024\" height=\"683\" src=\"https:\/\/www.vonameland.de\/wp-content\/uploads\/2023\/07\/DSC_0859-1024x683.jpg\" alt=\"\" class=\"wp-image-11445\" srcset=\"https:\/\/www.vonameland.de\/wp-content\/uploads\/2023\/07\/DSC_0859-1024x683.jpg 1024w, https:\/\/www.vonameland.de\/wp-content\/uploads\/2023\/07\/DSC_0859-300x200.jpg 300w, https:\/\/www.vonameland.de\/wp-content\/uploads\/2023\/07\/DSC_0859-768x512.jpg 768w, https:\/\/www.vonameland.de\/wp-content\/uploads\/2023\/07\/DSC_0859-570x380.jpg 570w, https:\/\/www.vonameland.de\/wp-content\/uploads\/2023\/07\/DSC_0859.jpg 1200w\" sizes=\"auto, (max-width: 1024px) 100vw, 1024px\" \/><\/figure>\n<\/div>\n<\/div>\n\n\n\n<p>Der wohl emotionalste Moment ist immer der Abschied zum Schluss. Wir sagen uns alle in Ruhe auf Wiedersehen und Danke, nehmen uns in den Arm und dann flie\u00dfen wirklich viele Tr\u00e4nen! Es zeigt uns aber auch jedes Mal wieder, wie eng wir in diesen zwei Wochen zusammenwachsen und wie wir am Ende der Ferienfreizeit zu einer gro\u00dfen Ameland-Familie geworden sind. Vielleicht ist es genau das, warum wir immer wieder fahren wollen und uns ein Jahr ohne Ameland nicht mehr vorstellen k\u00f6nnen! <\/p>\n\n\n\n<p>Es waren zwei tolle Wochen, ein wundersch\u00f6nes, sonniges jaar op Ameland! <br>Wir sagen DANKE an alle, die jedes Jahr aufs neue diese Ferienfreizeit erm\u00f6glichen! <br>Das Team Orange, das nicht nur in den zwei Wochen alles gibt, damit es Kindern und dem Team gut geht und wir eine tolle Zeit erleben, sondern auch vorher so viel planen, vorbereiten, damit wir jeden Tag ein sch\u00f6nes Programm anbieten k\u00f6nnen. <br>Danke an die K\u00fcche, die jeden Tag so viele Stunden in die Zubereitung des Essens steckt und dazu dann noch so viele Extras zaubert, obwohl sie mal frei machen k\u00f6nnten. Ihr seid einfach spitze! <br><br>Das Team Orange freut sich auf das n\u00e4chste Jahr und wird in einem extra Beitrag weitere Informationen zu den n\u00e4chsten Terminen ver\u00f6ffentlichen!<\/p>\n\n\n\n<p>Euer Team Orange<br><\/p>\n\n\n\n<p><\/p>\n","protected":false},"excerpt":{"rendered":"<p>Da sind wir nun &#8211; zur\u00fcck im Ausgangsmonat, in den Sommerferien, im Juli! Der letzte richtige Tag ist angebrochen und damit auch die Aufbruchstimmung. Das Wetter war zum ersten Mal so richtig schlecht und die Kinder sagten: der Himmel weint, weil wir morgen abreisen m\u00fcssen! Das war s\u00fc\u00df gesagt und so machten wir uns dran [&hellip;]<\/p>\n","protected":false},"author":3,"featured_media":11442,"comment_status":"closed","ping_status":"closed","sticky":false,"template":"","format":"standard","meta":{"ngg_post_thumbnail":0,"footnotes":""},"categories":[1,32],"tags":[],"class_list":{"0":"post-11422","1":"post","2":"type-post","3":"status-publish","4":"format-standard","5":"has-post-thumbnail","7":"category-allgemein","8":"category-ameland-2023","9":"czr-hentry"},"_links":{"self":[{"href":"https:\/\/www.vonameland.de\/index.php\/wp-json\/wp\/v2\/posts\/11422","targetHints":{"allow":["GET"]}}],"collection":[{"href":"https:\/\/www.vonameland.de\/index.php\/wp-json\/wp\/v2\/posts"}],"about":[{"href":"https:\/\/www.vonameland.de\/index.php\/wp-json\/wp\/v2\/types\/post"}],"author":[{"embeddable":true,"href":"https:\/\/www.vonameland.de\/index.php\/wp-json\/wp\/v2\/users\/3"}],"replies":[{"embeddable":true,"href":"https:\/\/www.vonameland.de\/index.php\/wp-json\/wp\/v2\/comments?post=11422"}],"version-history":[{"count":4,"href":"https:\/\/www.vonameland.de\/index.php\/wp-json\/wp\/v2\/posts\/11422\/revisions"}],"predecessor-version":[{"id":11448,"href":"https:\/\/www.vonameland.de\/index.php\/wp-json\/wp\/v2\/posts\/11422\/revisions\/11448"}],"wp:featuredmedia":[{"embeddable":true,"href":"https:\/\/www.vonameland.de\/index.php\/wp-json\/wp\/v2\/media\/11442"}],"wp:attachment":[{"href":"https:\/\/www.vonameland.de\/index.php\/wp-json\/wp\/v2\/media?parent=11422"}],"wp:term":[{"taxonomy":"category","embeddable":true,"href":"https:\/\/www.vonameland.de\/index.php\/wp-json\/wp\/v2\/categories?post=11422"},{"taxonomy":"post_tag","embeddable":true,"href":"https:\/\/www.vonameland.de\/index.php\/wp-json\/wp\/v2\/tags?post=11422"}],"curies":[{"name":"wp","href":"https:\/\/api.w.org\/{rel}","templated":true}]}}