{"id":11864,"date":"2024-07-01T19:07:40","date_gmt":"2024-07-01T17:07:40","guid":{"rendered":"https:\/\/www.vonameland.de\/?p=11864"},"modified":"2024-07-01T19:08:05","modified_gmt":"2024-07-01T17:08:05","slug":"kofferabgabe","status":"publish","type":"post","link":"https:\/\/www.vonameland.de\/index.php\/2024\/07\/01\/kofferabgabe\/","title":{"rendered":"Kofferabgabe"},"content":{"rendered":"\n<p>Nur noch wenige Tage bis wir gemeinsam nach Ameland fahren &#8211; der Countdown l\u00e4uft bereits. Wir sehen uns am Mittwoch das n\u00e4chste Mal wieder, wenn ihr eure Koffer bei uns abgeben k\u00f6nnt, damit ihr ganz entspannt am Samstag in den Bus steigen k\u00f6nnt.<\/p>\n\n\n\n<p><strong>Mittwoch, 03.07. &#8211; Kofferabgabe &#8211; 18:00 &#8211; 19:30 Uhr<\/strong><\/p>\n\n\n\n<p><strong>Ort:<\/strong>\u00a0Ameland-Lager am Olakenweg 35A, 59457 Werl\u00a0<\/p>\n\n\n\n<p><strong>Anfahrt:<\/strong>\u00a0Die Bauarbeiten wurden fertiggestellt und der Olakenweg ist wieder aus beiden Richtungen befahrbar.<\/p>\n\n\n\n<p><strong>Parken:<\/strong>\u00a0Bitte nutzen Sie die Parkbuchten und den gro\u00dfen Parkplatz von Neuhaus Leuchten am Olakenweg 36. Das ist nur wenige Meter von unserem Lager entfernt.<\/p>\n\n\n\n<p>Wir stehen f\u00fcr euch von 18 bis 19.30 Uhr bereit und nehmen eure Koffer entgegen. Checkt vorher nochmal die Packliste, dann sollte nichts schief gehen. Falls ihr euren Schlafsack extra habt, markiert ihn am besten mit eurem Namen. Denkt bei der Kofferabgabe bitte an all die Unterlagen, die ihr noch nicht bei uns eingereicht habt. Die \u00dcbersicht der ben\u00f6tigten Unterlagen sind auf der Packliste aufgef\u00fchrt. Hier besteht auch nochmal die M\u00f6glichkeit, letzte Infos zum Beispiel zur Medikation oder Sonstigem mit dem Team, dass die Unterlagen verwaltet, zu besprechen.<\/p>\n\n\n\n<p><strong>Kuuuuuchen<\/strong><br>Wir und vor allem die Kinder und Jugendlichen freuen sich sehr \u00fcber Kuchenspenden, die uns unsere Ferienfreizeit vers\u00fc\u00dfen! Alles mit Schokolade ist der Renner. Feste Kuchen, Muffins, ohne Cremef\u00fcllungen, die gut einzufrieren sind, da wir sie nach und nach auftauen werden. Bitte in Alufolie (keine Tupper!) einwickeln und beschriften, um was f\u00fcr einen Kuchen es sich handelt.<\/p>\n\n\n\n<p>Falls ihr noch Fragen haben solltet, meldet euch gerne bei \u00fcber die bekannten Kontaktwege bei uns! <\/p>\n\n\n\n<p>Bis Mittwoch<\/p>\n\n\n\n<p>Euer Team Orange<\/p>\n","protected":false},"excerpt":{"rendered":"<p>Nur noch wenige Tage bis wir gemeinsam nach Ameland fahren &#8211; der Countdown l\u00e4uft bereits. Wir sehen uns am Mittwoch das n\u00e4chste Mal wieder, wenn ihr eure Koffer bei uns abgeben k\u00f6nnt, damit ihr ganz entspannt am Samstag in den Bus steigen k\u00f6nnt. Mittwoch, 03.07. &#8211; Kofferabgabe &#8211; 18:00 &#8211; 19:30 Uhr Ort:\u00a0Ameland-Lager am Olakenweg [&hellip;]<\/p>\n","protected":false},"author":3,"featured_media":11867,"comment_status":"closed","ping_status":"closed","sticky":false,"template":"","format":"standard","meta":{"ngg_post_thumbnail":0,"footnotes":""},"categories":[46],"tags":[],"class_list":{"0":"post-11864","1":"post","2":"type-post","3":"status-publish","4":"format-standard","5":"has-post-thumbnail","7":"category-ameland-2024","8":"czr-hentry"},"_links":{"self":[{"href":"https:\/\/www.vonameland.de\/index.php\/wp-json\/wp\/v2\/posts\/11864","targetHints":{"allow":["GET"]}}],"collection":[{"href":"https:\/\/www.vonameland.de\/index.php\/wp-json\/wp\/v2\/posts"}],"about":[{"href":"https:\/\/www.vonameland.de\/index.php\/wp-json\/wp\/v2\/types\/post"}],"author":[{"embeddable":true,"href":"https:\/\/www.vonameland.de\/index.php\/wp-json\/wp\/v2\/users\/3"}],"replies":[{"embeddable":true,"href":"https:\/\/www.vonameland.de\/index.php\/wp-json\/wp\/v2\/comments?post=11864"}],"version-history":[{"count":2,"href":"https:\/\/www.vonameland.de\/index.php\/wp-json\/wp\/v2\/posts\/11864\/revisions"}],"predecessor-version":[{"id":11866,"href":"https:\/\/www.vonameland.de\/index.php\/wp-json\/wp\/v2\/posts\/11864\/revisions\/11866"}],"wp:featuredmedia":[{"embeddable":true,"href":"https:\/\/www.vonameland.de\/index.php\/wp-json\/wp\/v2\/media\/11867"}],"wp:attachment":[{"href":"https:\/\/www.vonameland.de\/index.php\/wp-json\/wp\/v2\/media?parent=11864"}],"wp:term":[{"taxonomy":"category","embeddable":true,"href":"https:\/\/www.vonameland.de\/index.php\/wp-json\/wp\/v2\/categories?post=11864"},{"taxonomy":"post_tag","embeddable":true,"href":"https:\/\/www.vonameland.de\/index.php\/wp-json\/wp\/v2\/tags?post=11864"}],"curies":[{"name":"wp","href":"https:\/\/api.w.org\/{rel}","templated":true}]}}