{"id":11957,"date":"2024-07-09T21:39:56","date_gmt":"2024-07-09T19:39:56","guid":{"rendered":"https:\/\/www.vonameland.de\/?p=11957"},"modified":"2024-07-09T21:39:56","modified_gmt":"2024-07-09T19:39:56","slug":"robben-on-tour","status":"publish","type":"post","link":"https:\/\/www.vonameland.de\/index.php\/2024\/07\/09\/robben-on-tour\/","title":{"rendered":"Robben on tour"},"content":{"rendered":"\n<p>Tag 4 schon &#8211; die Zeit geht sooo schnell um! <\/p>\n\n\n\n<div class=\"wp-block-columns is-layout-flex wp-container-core-columns-is-layout-9d6595d7 wp-block-columns-is-layout-flex\">\n<div class=\"wp-block-column is-layout-flow wp-block-column-is-layout-flow\">\n<figure class=\"wp-block-image size-full\"><img decoding=\"async\" src=\"https:\/\/www.vonameland.de\/wp-content\/uploads\/2024\/07\/IMG_5584.heic\" alt=\"\" class=\"wp-image-11958\"\/><\/figure>\n<\/div>\n\n\n\n<div class=\"wp-block-column is-layout-flow wp-block-column-is-layout-flow\">\n<p>Gestern Abend haben die Leiter nach der Abendrunde die Einladungsplakate f\u00fcr das Galadinner und Bergfest aufgehangen. Die Kinder sind schon ganz aufgeregt und das Team Orange kann nicht glauben, dass wir schon auf das Ende der ersten H\u00e4lfte zusteuern. <\/p>\n\n\n\n<p>Die Outfits wurden schon sicher an die Seite gelegt, damit sie morgen zum Einsatz kommen k\u00f6nnen. <\/p>\n\n\n\n<p>Heute fr\u00fch sind wir mit einem Stationslauf durch Buren gestartet. Dabei haben die Gruppen verschiedene Aufgaben meistern m\u00fcssen. An der einen Station musste man mit geschlossenen Augen so lange wie m\u00f6glich auf einem Bein stehen oder an einer anderen Perlen sch\u00e4tzen. <\/p>\n\n\n\n<p>In Summe mussten die Gruppen viel Geschick und Teamwork beweisen. In der kurzen Zeit sind die Gruppen schon richtig gut zusammengewachsen und jeder bringt sein ganz individuelles Talent ein &#8211; ganz im Sinne unseres diesj\u00e4hrigen Mottos! <\/p>\n<\/div>\n<\/div>\n\n\n\n<p>Nach dem Programmpunkt konnten die Kinder an den gestern begonnenen Hobbygruppen weitermachen. Die Perlen haben es heute auch auf den Tisch geschafft und sind wie in jedem Jahr einfach der absolute Renner. Danke an alle Eltern, Freunde und Ameland-Unterst\u00fctzende, die unsere W\u00fcnsche erf\u00fcllt haben! Es wurden also flei\u00dfig Freundschaftsb\u00e4nder gekn\u00fcpft, Nagelbilder vollendet oder an den Kokosketten gepfeilt. <\/p>\n\n\n\n<p>Seit diesem Jahr gibt es auf der Wiese eine Tischtennisplatte und die ist neben dem Volleyballfeld richtig beliebt. Ob Leiter oder Teilnehmende, hier wird quasi in jeder freien Minute Rundlauf gespielt.<\/p>\n\n\n\n<figure class=\"wp-block-gallery has-nested-images columns-default is-cropped wp-block-gallery-1 is-layout-flex wp-block-gallery-is-layout-flex\">\n<figure class=\"wp-block-image size-large\"><img loading=\"lazy\" decoding=\"async\" width=\"1024\" height=\"768\" data-id=\"11968\" src=\"https:\/\/www.vonameland.de\/wp-content\/uploads\/2024\/07\/IMG_5518-1024x768.jpeg\" alt=\"\" class=\"wp-image-11968\" srcset=\"https:\/\/www.vonameland.de\/wp-content\/uploads\/2024\/07\/IMG_5518-1024x768.jpeg 1024w, https:\/\/www.vonameland.de\/wp-content\/uploads\/2024\/07\/IMG_5518-300x225.jpeg 300w, https:\/\/www.vonameland.de\/wp-content\/uploads\/2024\/07\/IMG_5518-768x576.jpeg 768w, https:\/\/www.vonameland.de\/wp-content\/uploads\/2024\/07\/IMG_5518-570x428.jpeg 570w, https:\/\/www.vonameland.de\/wp-content\/uploads\/2024\/07\/IMG_5518.jpeg 1200w\" sizes=\"auto, (max-width: 1024px) 100vw, 1024px\" \/><\/figure>\n\n\n\n<figure class=\"wp-block-image size-large\"><img loading=\"lazy\" decoding=\"async\" width=\"1024\" height=\"768\" data-id=\"11969\" src=\"https:\/\/www.vonameland.de\/wp-content\/uploads\/2024\/07\/IMG_5517-1024x768.jpeg\" alt=\"\" class=\"wp-image-11969\" srcset=\"https:\/\/www.vonameland.de\/wp-content\/uploads\/2024\/07\/IMG_5517-1024x768.jpeg 1024w, https:\/\/www.vonameland.de\/wp-content\/uploads\/2024\/07\/IMG_5517-300x225.jpeg 300w, https:\/\/www.vonameland.de\/wp-content\/uploads\/2024\/07\/IMG_5517-768x576.jpeg 768w, https:\/\/www.vonameland.de\/wp-content\/uploads\/2024\/07\/IMG_5517-570x428.jpeg 570w, https:\/\/www.vonameland.de\/wp-content\/uploads\/2024\/07\/IMG_5517.jpeg 1200w\" sizes=\"auto, (max-width: 1024px) 100vw, 1024px\" \/><\/figure>\n\n\n\n<figure class=\"wp-block-image size-large\"><img loading=\"lazy\" decoding=\"async\" width=\"1024\" height=\"768\" data-id=\"11970\" src=\"https:\/\/www.vonameland.de\/wp-content\/uploads\/2024\/07\/IMG_5516-1024x768.jpeg\" alt=\"\" class=\"wp-image-11970\" srcset=\"https:\/\/www.vonameland.de\/wp-content\/uploads\/2024\/07\/IMG_5516-1024x768.jpeg 1024w, https:\/\/www.vonameland.de\/wp-content\/uploads\/2024\/07\/IMG_5516-300x225.jpeg 300w, https:\/\/www.vonameland.de\/wp-content\/uploads\/2024\/07\/IMG_5516-768x576.jpeg 768w, https:\/\/www.vonameland.de\/wp-content\/uploads\/2024\/07\/IMG_5516-570x428.jpeg 570w, https:\/\/www.vonameland.de\/wp-content\/uploads\/2024\/07\/IMG_5516.jpeg 1200w\" sizes=\"auto, (max-width: 1024px) 100vw, 1024px\" \/><\/figure>\n\n\n\n<figure class=\"wp-block-image size-large\"><img loading=\"lazy\" decoding=\"async\" width=\"1024\" height=\"768\" data-id=\"11971\" src=\"https:\/\/www.vonameland.de\/wp-content\/uploads\/2024\/07\/IMG_5512-1024x768.jpeg\" alt=\"\" class=\"wp-image-11971\" srcset=\"https:\/\/www.vonameland.de\/wp-content\/uploads\/2024\/07\/IMG_5512-1024x768.jpeg 1024w, https:\/\/www.vonameland.de\/wp-content\/uploads\/2024\/07\/IMG_5512-300x225.jpeg 300w, https:\/\/www.vonameland.de\/wp-content\/uploads\/2024\/07\/IMG_5512-768x576.jpeg 768w, https:\/\/www.vonameland.de\/wp-content\/uploads\/2024\/07\/IMG_5512-570x428.jpeg 570w, https:\/\/www.vonameland.de\/wp-content\/uploads\/2024\/07\/IMG_5512.jpeg 1200w\" sizes=\"auto, (max-width: 1024px) 100vw, 1024px\" \/><\/figure>\n\n\n\n<figure class=\"wp-block-image size-large\"><img loading=\"lazy\" decoding=\"async\" width=\"1024\" height=\"768\" data-id=\"11972\" src=\"https:\/\/www.vonameland.de\/wp-content\/uploads\/2024\/07\/IMG_5513-1024x768.jpeg\" alt=\"\" class=\"wp-image-11972\" srcset=\"https:\/\/www.vonameland.de\/wp-content\/uploads\/2024\/07\/IMG_5513-1024x768.jpeg 1024w, https:\/\/www.vonameland.de\/wp-content\/uploads\/2024\/07\/IMG_5513-300x225.jpeg 300w, https:\/\/www.vonameland.de\/wp-content\/uploads\/2024\/07\/IMG_5513-768x576.jpeg 768w, https:\/\/www.vonameland.de\/wp-content\/uploads\/2024\/07\/IMG_5513-570x428.jpeg 570w, https:\/\/www.vonameland.de\/wp-content\/uploads\/2024\/07\/IMG_5513.jpeg 1200w\" sizes=\"auto, (max-width: 1024px) 100vw, 1024px\" \/><\/figure>\n\n\n\n<figure class=\"wp-block-image size-large\"><img loading=\"lazy\" decoding=\"async\" width=\"1024\" height=\"768\" data-id=\"11973\" src=\"https:\/\/www.vonameland.de\/wp-content\/uploads\/2024\/07\/IMG_5508-1024x768.jpeg\" alt=\"\" class=\"wp-image-11973\" srcset=\"https:\/\/www.vonameland.de\/wp-content\/uploads\/2024\/07\/IMG_5508-1024x768.jpeg 1024w, https:\/\/www.vonameland.de\/wp-content\/uploads\/2024\/07\/IMG_5508-300x225.jpeg 300w, https:\/\/www.vonameland.de\/wp-content\/uploads\/2024\/07\/IMG_5508-768x576.jpeg 768w, https:\/\/www.vonameland.de\/wp-content\/uploads\/2024\/07\/IMG_5508-570x428.jpeg 570w, https:\/\/www.vonameland.de\/wp-content\/uploads\/2024\/07\/IMG_5508.jpeg 1200w\" sizes=\"auto, (max-width: 1024px) 100vw, 1024px\" \/><\/figure>\n\n\n\n<figure class=\"wp-block-image size-large\"><img loading=\"lazy\" decoding=\"async\" width=\"1024\" height=\"768\" data-id=\"11974\" src=\"https:\/\/www.vonameland.de\/wp-content\/uploads\/2024\/07\/IMG_5502-1024x768.jpeg\" alt=\"\" class=\"wp-image-11974\" srcset=\"https:\/\/www.vonameland.de\/wp-content\/uploads\/2024\/07\/IMG_5502-1024x768.jpeg 1024w, https:\/\/www.vonameland.de\/wp-content\/uploads\/2024\/07\/IMG_5502-300x225.jpeg 300w, https:\/\/www.vonameland.de\/wp-content\/uploads\/2024\/07\/IMG_5502-768x576.jpeg 768w, https:\/\/www.vonameland.de\/wp-content\/uploads\/2024\/07\/IMG_5502-570x428.jpeg 570w, https:\/\/www.vonameland.de\/wp-content\/uploads\/2024\/07\/IMG_5502.jpeg 1200w\" sizes=\"auto, (max-width: 1024px) 100vw, 1024px\" \/><\/figure>\n\n\n\n<figure class=\"wp-block-image size-large\"><img loading=\"lazy\" decoding=\"async\" width=\"1024\" height=\"768\" data-id=\"11975\" src=\"https:\/\/www.vonameland.de\/wp-content\/uploads\/2024\/07\/IMG_5504-1024x768.jpeg\" alt=\"\" class=\"wp-image-11975\" srcset=\"https:\/\/www.vonameland.de\/wp-content\/uploads\/2024\/07\/IMG_5504-1024x768.jpeg 1024w, https:\/\/www.vonameland.de\/wp-content\/uploads\/2024\/07\/IMG_5504-300x225.jpeg 300w, https:\/\/www.vonameland.de\/wp-content\/uploads\/2024\/07\/IMG_5504-768x576.jpeg 768w, https:\/\/www.vonameland.de\/wp-content\/uploads\/2024\/07\/IMG_5504-570x428.jpeg 570w, https:\/\/www.vonameland.de\/wp-content\/uploads\/2024\/07\/IMG_5504.jpeg 1200w\" sizes=\"auto, (max-width: 1024px) 100vw, 1024px\" \/><\/figure>\n<\/figure>\n\n\n\n<p>Zum Mittag gab es heute: Fischst\u00e4bchen, Spinat und Kartoffelp\u00fcree. <br>Damit es f\u00fcr den Sp\u00fcldienst so richtig spa\u00dfig wird, hat die K\u00fcche sich dann noch Schokopudding zum Nachtisch \u00fcberlegt! \ud83d\ude42 <\/p>\n\n\n\n<p>Der Lagerrat stand nach dem Essen auf dem Tagesplan. Dieser wird regelm\u00e4\u00dfig mit den Kindern durchgef\u00fchrt. Dabei wird stellvertretend f\u00fcr das Zimmer eine Person geschickt und es werden Themen, Sorgen und W\u00fcnsche besprochen, die den Kindern auf den Herzen brennen. Nat\u00fcrlich k\u00f6nnen diese immer zu uns Leitern kommen, allerdings hat sich der Lagerrat sehr bew\u00e4hrt, weil viele Themen konstruktiv und gemeinschaftlich mit den Kindern gel\u00f6st werden k\u00f6nnen. <\/p>\n\n\n\n<p>Parallel wurden die Zimmer aufger\u00e4umt, denn abends sollte die erste Zimmerkontrolle durchgef\u00fchrt werden. Die \u00fcbernehmen immer unsere Neuleiter. Sie pr\u00fcfen die Zimmer auf bspw. Luftqualit\u00e4t, Sauberkeit des Bodens oder ob die Betten gemacht wurden. Extrapunkte gibt es f\u00fcr Deko und besondere Ideen. <\/p>\n\n\n\n<p>Lukas \u00f6ffnete erneut seine Tore. Diesmal f\u00fcr das Taschengeld, denn nach der Messe konnten alle in die Stadt Nes und Postkarten, Souvenirs oder (nat\u00fcrlich noch mehr) S\u00fc\u00dfigkeiten kaufen. <\/p>\n\n\n\n<p>Das Pastoralteam ist zum Lager-Gottesdienst ins Arendsnest gekommen. Wir freuen uns immer, wenn das Team mit uns Messe feiert, da sich das Pastoralteam jedes Jahr ein neues Motto \u00fcberlegt und in ihren Messen einbaut. Dieses Jahr lautet es &#8222;Zeit, dass sich was dreht&#8220;. Karsten Weidisch und seinem Team ist es immer wichtig auch unser Motto einzubinden und so sitzen pl\u00f6tzlich lauter Zirkus-Robben und Tiger im Lager-Godi. Wir sagen ein riesen Dank f\u00fcr dieses tolle Angebot, dass das Bistum M\u00fcnster den Ameland-Lagern bietet. <\/p>\n\n\n\n<figure class=\"wp-block-gallery has-nested-images columns-default is-cropped wp-block-gallery-2 is-layout-flex wp-block-gallery-is-layout-flex\">\n<figure class=\"wp-block-image size-large\"><img loading=\"lazy\" decoding=\"async\" width=\"1024\" height=\"768\" data-id=\"11965\" src=\"https:\/\/www.vonameland.de\/wp-content\/uploads\/2024\/07\/IMG_5545-1024x768.jpeg\" alt=\"\" class=\"wp-image-11965\" srcset=\"https:\/\/www.vonameland.de\/wp-content\/uploads\/2024\/07\/IMG_5545-1024x768.jpeg 1024w, https:\/\/www.vonameland.de\/wp-content\/uploads\/2024\/07\/IMG_5545-300x225.jpeg 300w, https:\/\/www.vonameland.de\/wp-content\/uploads\/2024\/07\/IMG_5545-768x576.jpeg 768w, https:\/\/www.vonameland.de\/wp-content\/uploads\/2024\/07\/IMG_5545-570x428.jpeg 570w, https:\/\/www.vonameland.de\/wp-content\/uploads\/2024\/07\/IMG_5545.jpeg 1200w\" sizes=\"auto, (max-width: 1024px) 100vw, 1024px\" \/><\/figure>\n\n\n\n<figure class=\"wp-block-image size-large\"><img loading=\"lazy\" decoding=\"async\" width=\"1024\" height=\"768\" data-id=\"11967\" src=\"https:\/\/www.vonameland.de\/wp-content\/uploads\/2024\/07\/IMG_5521-1024x768.jpeg\" alt=\"\" class=\"wp-image-11967\" srcset=\"https:\/\/www.vonameland.de\/wp-content\/uploads\/2024\/07\/IMG_5521-1024x768.jpeg 1024w, https:\/\/www.vonameland.de\/wp-content\/uploads\/2024\/07\/IMG_5521-300x225.jpeg 300w, https:\/\/www.vonameland.de\/wp-content\/uploads\/2024\/07\/IMG_5521-768x576.jpeg 768w, https:\/\/www.vonameland.de\/wp-content\/uploads\/2024\/07\/IMG_5521-570x428.jpeg 570w, https:\/\/www.vonameland.de\/wp-content\/uploads\/2024\/07\/IMG_5521.jpeg 1200w\" sizes=\"auto, (max-width: 1024px) 100vw, 1024px\" \/><\/figure>\n<\/figure>\n\n\n\n<p>Wir haben die Chance genutzt und bevor es in die Stadt ging, haben wir mit den Mottoshirts und den Clownsnasen ein Gruppenfoto gemacht. Hier die Ergebnisse: <\/p>\n\n\n\n<figure class=\"wp-block-gallery has-nested-images columns-default is-cropped wp-block-gallery-3 is-layout-flex wp-block-gallery-is-layout-flex\">\n<figure class=\"wp-block-image size-large\"><img loading=\"lazy\" decoding=\"async\" width=\"1024\" height=\"768\" data-id=\"11962\" src=\"https:\/\/www.vonameland.de\/wp-content\/uploads\/2024\/07\/IMG_5569-1024x768.jpg\" alt=\"\" class=\"wp-image-11962\" srcset=\"https:\/\/www.vonameland.de\/wp-content\/uploads\/2024\/07\/IMG_5569-1024x768.jpg 1024w, https:\/\/www.vonameland.de\/wp-content\/uploads\/2024\/07\/IMG_5569-300x225.jpg 300w, https:\/\/www.vonameland.de\/wp-content\/uploads\/2024\/07\/IMG_5569-768x576.jpg 768w, https:\/\/www.vonameland.de\/wp-content\/uploads\/2024\/07\/IMG_5569-570x428.jpg 570w, https:\/\/www.vonameland.de\/wp-content\/uploads\/2024\/07\/IMG_5569.jpg 1200w\" sizes=\"auto, (max-width: 1024px) 100vw, 1024px\" \/><\/figure>\n\n\n\n<figure class=\"wp-block-image size-large\"><img loading=\"lazy\" decoding=\"async\" width=\"1024\" height=\"768\" data-id=\"11961\" src=\"https:\/\/www.vonameland.de\/wp-content\/uploads\/2024\/07\/IMG_5564-1024x768.jpg\" alt=\"\" class=\"wp-image-11961\" srcset=\"https:\/\/www.vonameland.de\/wp-content\/uploads\/2024\/07\/IMG_5564-1024x768.jpg 1024w, https:\/\/www.vonameland.de\/wp-content\/uploads\/2024\/07\/IMG_5564-300x225.jpg 300w, https:\/\/www.vonameland.de\/wp-content\/uploads\/2024\/07\/IMG_5564-768x576.jpg 768w, https:\/\/www.vonameland.de\/wp-content\/uploads\/2024\/07\/IMG_5564-570x428.jpg 570w, https:\/\/www.vonameland.de\/wp-content\/uploads\/2024\/07\/IMG_5564.jpg 1200w\" sizes=\"auto, (max-width: 1024px) 100vw, 1024px\" \/><\/figure>\n\n\n\n<figure class=\"wp-block-image size-large\"><img loading=\"lazy\" decoding=\"async\" width=\"1024\" height=\"768\" data-id=\"11963\" src=\"https:\/\/www.vonameland.de\/wp-content\/uploads\/2024\/07\/IMG_5574-1024x768.jpeg\" alt=\"\" class=\"wp-image-11963\" srcset=\"https:\/\/www.vonameland.de\/wp-content\/uploads\/2024\/07\/IMG_5574-1024x768.jpeg 1024w, https:\/\/www.vonameland.de\/wp-content\/uploads\/2024\/07\/IMG_5574-300x225.jpeg 300w, https:\/\/www.vonameland.de\/wp-content\/uploads\/2024\/07\/IMG_5574-768x576.jpeg 768w, https:\/\/www.vonameland.de\/wp-content\/uploads\/2024\/07\/IMG_5574-570x428.jpeg 570w, https:\/\/www.vonameland.de\/wp-content\/uploads\/2024\/07\/IMG_5574.jpeg 1200w\" sizes=\"auto, (max-width: 1024px) 100vw, 1024px\" \/><\/figure>\n<\/figure>\n\n\n\n<p>W\u00e4hrend des Stadtgangs der Kinder wurde im Lager klar Schiff gemacht und das Abendprogramm vorbereitet. Ruben und Julian werden die Leiter und Teilnehmer mit &#8222;Gefragt, Gejagt&#8220;- die Ameland Edition herausfordern. <\/p>\n\n\n\n<p>Am Abend hat die K\u00fcche Ausgang, denn der Kochleute-Gottesdienst des Pastoralteams findet statt. Da treffen sich die K\u00fcchenteams aller Lager auf der Insel und feiern gemeinsam Messe. Unsere K\u00fcche dachte sich heute: Doppelt h\u00e4lt besser! <\/p>\n\n\n\n<p>Daher hat das Leiterteam die Abendk\u00fcche \u00fcbernommen und es gab klassisch Abendbrot mit Gen\u00fcsesticks und Tomate Mozzarella. <\/p>\n\n\n\n<p>Gerade spielen wir das Spiel von Ruben und Julian. Aktuell l\u00e4sst sich noch nicht sagen, wer vorne liegt&#8230; Das Team Orange schl\u00e4gt sich gar nicht so schlecht, hat aber eher wenig Chancen gegen die Kinder.<\/p>\n\n\n\n<p>Wir werden heute fr\u00fch ins Bett gehen, denn morgen steht ein langer Tag bevor und wir freuen uns jetzt schon ganz arg auf das Galadinner und Bergfest. Dieses Jahr ist alles so sch\u00f6n farbenfroh und bunt und es ist wirklich magisch, wenn sich der Saal zum Dinnerraum verwandelt! <\/p>\n\n\n\n<p>Wir wissen noch nicht, ob wir es schaffen, morgen einen Bericht zu ver\u00f6ffentlichen, aber folgt uns gerne auf Instagram, da wird es sicherlich den ein oder anderen Einblick geben! \ud83d\ude42 <\/p>\n\n\n\n<p>Gr\u00fc\u00dfe in die Heimat<\/p>\n\n\n\n<p>PS: Radio Ameland lief bereits ein paar Mal und alle aus dem Lager freuen sich sehr \u00fcber die Gr\u00fc\u00dfe aus Werl! Dankesch\u00f6\u00f6\u00f6\u00f6n! <\/p>\n","protected":false},"excerpt":{"rendered":"<p>Tag 4 schon &#8211; die Zeit geht sooo schnell um! Gestern Abend haben die Leiter nach der Abendrunde die Einladungsplakate f\u00fcr das Galadinner und Bergfest aufgehangen. Die Kinder sind schon ganz aufgeregt und das Team Orange kann nicht glauben, dass wir schon auf das Ende der ersten H\u00e4lfte zusteuern. Die Outfits wurden schon sicher an [&hellip;]<\/p>\n","protected":false},"author":3,"featured_media":11963,"comment_status":"closed","ping_status":"closed","sticky":false,"template":"","format":"standard","meta":{"ngg_post_thumbnail":0,"footnotes":""},"categories":[1,46],"tags":[45],"class_list":{"0":"post-11957","1":"post","2":"type-post","3":"status-publish","4":"format-standard","5":"has-post-thumbnail","7":"category-allgemein","8":"category-ameland-2024","9":"tag-ameland-2024","10":"czr-hentry"},"_links":{"self":[{"href":"https:\/\/www.vonameland.de\/index.php\/wp-json\/wp\/v2\/posts\/11957","targetHints":{"allow":["GET"]}}],"collection":[{"href":"https:\/\/www.vonameland.de\/index.php\/wp-json\/wp\/v2\/posts"}],"about":[{"href":"https:\/\/www.vonameland.de\/index.php\/wp-json\/wp\/v2\/types\/post"}],"author":[{"embeddable":true,"href":"https:\/\/www.vonameland.de\/index.php\/wp-json\/wp\/v2\/users\/3"}],"replies":[{"embeddable":true,"href":"https:\/\/www.vonameland.de\/index.php\/wp-json\/wp\/v2\/comments?post=11957"}],"version-history":[{"count":2,"href":"https:\/\/www.vonameland.de\/index.php\/wp-json\/wp\/v2\/posts\/11957\/revisions"}],"predecessor-version":[{"id":11976,"href":"https:\/\/www.vonameland.de\/index.php\/wp-json\/wp\/v2\/posts\/11957\/revisions\/11976"}],"wp:featuredmedia":[{"embeddable":true,"href":"https:\/\/www.vonameland.de\/index.php\/wp-json\/wp\/v2\/media\/11963"}],"wp:attachment":[{"href":"https:\/\/www.vonameland.de\/index.php\/wp-json\/wp\/v2\/media?parent=11957"}],"wp:term":[{"taxonomy":"category","embeddable":true,"href":"https:\/\/www.vonameland.de\/index.php\/wp-json\/wp\/v2\/categories?post=11957"},{"taxonomy":"post_tag","embeddable":true,"href":"https:\/\/www.vonameland.de\/index.php\/wp-json\/wp\/v2\/tags?post=11957"}],"curies":[{"name":"wp","href":"https:\/\/api.w.org\/{rel}","templated":true}]}}