{"id":12128,"date":"2024-07-16T08:30:23","date_gmt":"2024-07-16T06:30:23","guid":{"rendered":"https:\/\/www.vonameland.de\/?p=12128"},"modified":"2024-07-16T12:56:21","modified_gmt":"2024-07-16T10:56:21","slug":"derniere-der-zirkus-zieht-weiter","status":"publish","type":"post","link":"https:\/\/www.vonameland.de\/index.php\/2024\/07\/16\/derniere-der-zirkus-zieht-weiter\/","title":{"rendered":"Derni\u00e8re &#8211; der Zirkus zieht weiter"},"content":{"rendered":"\n<p>Gestern Abend gab es bei herrlichsten abendlichen Sonnenschein auf der Terrasse selbstbelegte Burger. Der Gruppenraum wurde f\u00fcr die letzte Show unseres Zirkus Sommertraums hergerichtet. Jedes Jahr wird die Ferienfreizeit mit einem R\u00fcckblick auf die vergangenen Tage abgerundet. Dieses Jahr haben wir uns \u00fcberlegt, die Fotos der Freizeit erst beim Nachtreffen zu zeigen und haben uns anstelle dessen die bunten und lustigen Instagram-Highlights gemeinsam angeschaut. Manchmal verschwimmen die Tage auf der Insel ineinander und dann hilft ein R\u00fcckblick, die ganzen Programmpunkte und witzigen Aktionen wieder ins Ged\u00e4chtnis zu rufen. Es wurde viel gelacht! <br>Zwischendurch haben wir gesungen und es gab die Ehrung der Vielfahrer unter den Teilnehmenden. Wir haben Teilnehmende ehren d\u00fcrften, die zum vierten, f\u00fcnften und sogar sechsten Mal mit uns gefahren sind! Sch\u00f6n, dass ihr jedes Jahr dabei seid. \ud83d\ude42<\/p>\n\n\n\n<figure class=\"wp-block-gallery has-nested-images columns-default is-cropped wp-block-gallery-1 is-layout-flex wp-block-gallery-is-layout-flex\">\n<figure class=\"wp-block-image size-large\"><img loading=\"lazy\" decoding=\"async\" width=\"1024\" height=\"768\" data-id=\"12123\" src=\"https:\/\/www.vonameland.de\/wp-content\/uploads\/2024\/07\/IMG_9919-1024x768.jpg\" alt=\"\" class=\"wp-image-12123\" srcset=\"https:\/\/www.vonameland.de\/wp-content\/uploads\/2024\/07\/IMG_9919-1024x768.jpg 1024w, https:\/\/www.vonameland.de\/wp-content\/uploads\/2024\/07\/IMG_9919-300x225.jpg 300w, https:\/\/www.vonameland.de\/wp-content\/uploads\/2024\/07\/IMG_9919-768x576.jpg 768w, https:\/\/www.vonameland.de\/wp-content\/uploads\/2024\/07\/IMG_9919-570x428.jpg 570w, https:\/\/www.vonameland.de\/wp-content\/uploads\/2024\/07\/IMG_9919.jpg 1200w\" sizes=\"auto, (max-width: 1024px) 100vw, 1024px\" \/><figcaption class=\"wp-element-caption\">4 Jahre<\/figcaption><\/figure>\n\n\n\n<figure class=\"wp-block-image size-large\"><img loading=\"lazy\" decoding=\"async\" width=\"768\" height=\"1024\" data-id=\"12124\" src=\"https:\/\/www.vonameland.de\/wp-content\/uploads\/2024\/07\/IMG_9923-768x1024.jpg\" alt=\"\" class=\"wp-image-12124\" srcset=\"https:\/\/www.vonameland.de\/wp-content\/uploads\/2024\/07\/IMG_9923-768x1024.jpg 768w, https:\/\/www.vonameland.de\/wp-content\/uploads\/2024\/07\/IMG_9923-225x300.jpg 225w, https:\/\/www.vonameland.de\/wp-content\/uploads\/2024\/07\/IMG_9923-570x760.jpg 570w, https:\/\/www.vonameland.de\/wp-content\/uploads\/2024\/07\/IMG_9923.jpg 900w\" sizes=\"auto, (max-width: 768px) 100vw, 768px\" \/><figcaption class=\"wp-element-caption\">5 Jahre<\/figcaption><\/figure>\n\n\n\n<figure class=\"wp-block-image size-large\"><img loading=\"lazy\" decoding=\"async\" width=\"768\" height=\"1024\" data-id=\"12125\" src=\"https:\/\/www.vonameland.de\/wp-content\/uploads\/2024\/07\/IMG_9925-768x1024.jpg\" alt=\"\" class=\"wp-image-12125\" srcset=\"https:\/\/www.vonameland.de\/wp-content\/uploads\/2024\/07\/IMG_9925-768x1024.jpg 768w, https:\/\/www.vonameland.de\/wp-content\/uploads\/2024\/07\/IMG_9925-225x300.jpg 225w, https:\/\/www.vonameland.de\/wp-content\/uploads\/2024\/07\/IMG_9925-570x760.jpg 570w, https:\/\/www.vonameland.de\/wp-content\/uploads\/2024\/07\/IMG_9925.jpg 900w\" sizes=\"auto, (max-width: 768px) 100vw, 768px\" \/><figcaption class=\"wp-element-caption\">6 Jahre<\/figcaption><\/figure>\n<\/figure>\n\n\n\n<div class=\"wp-block-columns is-layout-flex wp-container-core-columns-is-layout-9d6595d7 wp-block-columns-is-layout-flex\">\n<div class=\"wp-block-column is-layout-flow wp-block-column-is-layout-flow\" style=\"flex-basis:33.33%\">\n<figure class=\"wp-block-image size-large\"><img loading=\"lazy\" decoding=\"async\" width=\"768\" height=\"1024\" src=\"https:\/\/www.vonameland.de\/wp-content\/uploads\/2024\/07\/IMG_9932-768x1024.jpg\" alt=\"\" class=\"wp-image-12126\" srcset=\"https:\/\/www.vonameland.de\/wp-content\/uploads\/2024\/07\/IMG_9932-768x1024.jpg 768w, https:\/\/www.vonameland.de\/wp-content\/uploads\/2024\/07\/IMG_9932-225x300.jpg 225w, https:\/\/www.vonameland.de\/wp-content\/uploads\/2024\/07\/IMG_9932-570x760.jpg 570w, https:\/\/www.vonameland.de\/wp-content\/uploads\/2024\/07\/IMG_9932.jpg 900w\" sizes=\"auto, (max-width: 768px) 100vw, 768px\" \/><\/figure>\n<\/div>\n\n\n\n<div class=\"wp-block-column is-layout-flow wp-block-column-is-layout-flow\" style=\"flex-basis:66.66%\">\n<p>F\u00fcr unsere K\u00fcchenfee Ulla hatten wir ebenfalls eine kleine \u00dcberraschung. Da sie unsere Waffelfee ist und w\u00e4hrend der Freizeit oftmals auf der Terrasse sitzt und uns w\u00e4hrend des Programms mit den leckersten Waffeln versorgt, ben\u00f6tigt sie nat\u00fcrlich auch ihr eigenes Waffeleisen. Und da unsere Lieblingsfarbe Orange ist, hat sie von uns ein orangenes Waffeleisen \u00fcberreicht bekommen. Danke, dass du uns schon so viele Jahre begleitest Ulla!<\/p>\n<\/div>\n<\/div>\n\n\n\n<div class=\"wp-block-columns is-layout-flex wp-container-core-columns-is-layout-9d6595d7 wp-block-columns-is-layout-flex\">\n<div class=\"wp-block-column is-layout-flow wp-block-column-is-layout-flow\" style=\"flex-basis:33.33%\">\n<p>Au\u00dferdem wurde die Gruppe F geehrt, denn sie hat den Zirkus Sommertraum Gruppensieg f\u00fcr sich entscheiden k\u00f6nnen. Herzlichen Gl\u00fcckwunsch euch und euren Leitern!<\/p>\n<\/div>\n\n\n\n<div class=\"wp-block-column is-layout-flow wp-block-column-is-layout-flow\" style=\"flex-basis:66.66%\">\n<figure class=\"wp-block-image size-large\"><img loading=\"lazy\" decoding=\"async\" width=\"1024\" height=\"768\" src=\"https:\/\/www.vonameland.de\/wp-content\/uploads\/2024\/07\/IMG_9918-1024x768.jpg\" alt=\"\" class=\"wp-image-12136\" srcset=\"https:\/\/www.vonameland.de\/wp-content\/uploads\/2024\/07\/IMG_9918-1024x768.jpg 1024w, https:\/\/www.vonameland.de\/wp-content\/uploads\/2024\/07\/IMG_9918-300x225.jpg 300w, https:\/\/www.vonameland.de\/wp-content\/uploads\/2024\/07\/IMG_9918-768x576.jpg 768w, https:\/\/www.vonameland.de\/wp-content\/uploads\/2024\/07\/IMG_9918-570x428.jpg 570w, https:\/\/www.vonameland.de\/wp-content\/uploads\/2024\/07\/IMG_9918.jpg 1200w\" sizes=\"auto, (max-width: 1024px) 100vw, 1024px\" \/><\/figure>\n<\/div>\n<\/div>\n\n\n\n<p>Wir haben gemeinsam \u00fcber die letzten Tage gesprochen und auf die Leine der guten Taten geblickt. Zum Abschluss hat jeder einen Schl\u00fcsselanh\u00e4nger aus Holz gezogen, auf dem unser diesj\u00e4hriges Mottologo und ein Name steht. Zu der Person, dessen Namen gezogen wurde, musste man dann hingehen und ein paar liebe Worte sagen. Vielleicht ein Danke f\u00fcr die sch\u00f6ne Zeit oder sogar eine bestimmte Situation, die einem in Erinnerung geblieben ist. Im Anschluss haben sich alle verabschiedet, lagen sich in den Armen und es flossen Tr\u00e4nen. Au\u00dferdem wurden noch flei\u00dfig die letzten guten Taten-Zettel beschrieben und verteilt. So ein Abend ist immer sehr emotional am Ende und dabei wundersch\u00f6n, weil wir in der K\u00fcrze der Zeit so viel gemeinsam erlebt haben und dabei zusammengewachsen sind. Wir freuen uns auf alle, die im n\u00e4chsten Jahr wieder dabei sind! <\/p>\n\n\n\n<p>Danke, dass ihr Teil des Zirkus Sommertraums wart! Dem Team Orange hat es sehr viel Spa\u00df gemacht. \ud83d\ude42 <\/p>\n\n\n\n<p><\/p>\n","protected":false},"excerpt":{"rendered":"<p>Gestern Abend gab es bei herrlichsten abendlichen Sonnenschein auf der Terrasse selbstbelegte Burger. Der Gruppenraum wurde f\u00fcr die letzte Show unseres Zirkus Sommertraums hergerichtet. Jedes Jahr wird die Ferienfreizeit mit einem R\u00fcckblick auf die vergangenen Tage abgerundet. Dieses Jahr haben wir uns \u00fcberlegt, die Fotos der Freizeit erst beim Nachtreffen zu zeigen und haben uns [&hellip;]<\/p>\n","protected":false},"author":3,"featured_media":12137,"comment_status":"closed","ping_status":"closed","sticky":false,"template":"","format":"standard","meta":{"ngg_post_thumbnail":0,"footnotes":""},"categories":[1,46],"tags":[45],"class_list":{"0":"post-12128","1":"post","2":"type-post","3":"status-publish","4":"format-standard","5":"has-post-thumbnail","7":"category-allgemein","8":"category-ameland-2024","9":"tag-ameland-2024","10":"czr-hentry"},"_links":{"self":[{"href":"https:\/\/www.vonameland.de\/index.php\/wp-json\/wp\/v2\/posts\/12128","targetHints":{"allow":["GET"]}}],"collection":[{"href":"https:\/\/www.vonameland.de\/index.php\/wp-json\/wp\/v2\/posts"}],"about":[{"href":"https:\/\/www.vonameland.de\/index.php\/wp-json\/wp\/v2\/types\/post"}],"author":[{"embeddable":true,"href":"https:\/\/www.vonameland.de\/index.php\/wp-json\/wp\/v2\/users\/3"}],"replies":[{"embeddable":true,"href":"https:\/\/www.vonameland.de\/index.php\/wp-json\/wp\/v2\/comments?post=12128"}],"version-history":[{"count":6,"href":"https:\/\/www.vonameland.de\/index.php\/wp-json\/wp\/v2\/posts\/12128\/revisions"}],"predecessor-version":[{"id":12143,"href":"https:\/\/www.vonameland.de\/index.php\/wp-json\/wp\/v2\/posts\/12128\/revisions\/12143"}],"wp:featuredmedia":[{"embeddable":true,"href":"https:\/\/www.vonameland.de\/index.php\/wp-json\/wp\/v2\/media\/12137"}],"wp:attachment":[{"href":"https:\/\/www.vonameland.de\/index.php\/wp-json\/wp\/v2\/media?parent=12128"}],"wp:term":[{"taxonomy":"category","embeddable":true,"href":"https:\/\/www.vonameland.de\/index.php\/wp-json\/wp\/v2\/categories?post=12128"},{"taxonomy":"post_tag","embeddable":true,"href":"https:\/\/www.vonameland.de\/index.php\/wp-json\/wp\/v2\/tags?post=12128"}],"curies":[{"name":"wp","href":"https:\/\/api.w.org\/{rel}","templated":true}]}}