{"id":12279,"date":"2025-06-10T09:29:55","date_gmt":"2025-06-10T07:29:55","guid":{"rendered":"https:\/\/www.vonameland.de\/?p=12279"},"modified":"2025-06-10T10:30:21","modified_gmt":"2025-06-10T08:30:21","slug":"vortreffen-2025","status":"publish","type":"post","link":"https:\/\/www.vonameland.de\/index.php\/2025\/06\/10\/vortreffen-2025\/","title":{"rendered":"Vortreffen 2025"},"content":{"rendered":"\n<p>Noch 1,5 Monate, dann sehen wir unsere Lieblingsinsel wieder! Es wird Zeit, euch kennenzulernen!<\/p>\n\n\n\n<p>Passend zum Saisonauftakt der Ferienfreizeiten treffen wir uns f\u00fcr ein Kennenlernen der diesj\u00e4hrigen Teilnehmenden am <strong>Sonntag, den 15.06.<\/strong> um <strong>10 Uhr<\/strong> im <strong>Garten des Walburgahauses Werl<\/strong>. <br>Das Team Orange hat ein paar Spiele vorbereitet und freut sich sehr darauf, euch bei diesen (besser) kennenzulernen. Nat\u00fcrlich lernt ihr auch das Team Orange und euch untereinander kennen.<\/p>\n\n\n\n<p>F\u00fcr die Eltern gibt es eine kurze Info-Runde im Saal des Walburgahauses. Hier k\u00f6nnen offene Fragen gekl\u00e4rt werden <\/p>\n\n\n\n<p>Aber nicht nur das erwartet euch, sondern auch&#8230; <em>Trommelwirbel<\/em>&#8230;<\/p>\n\n\n\n<p><strong>Die Zimmerw\u00fcnsche<\/strong><\/p>\n\n\n\n<p>Zum Abschluss sammeln wir wieder eure W\u00fcnsche. Hierbei k\u00f6nnt ihr eure liebste Person nennen, mit der oder dem ihr gemeinsam auf einem Zimmer sein m\u00f6chtet. Bisher haben wir es immer hinbekommen, eure W\u00fcnsche zu ber\u00fccksichtigen.<br>Wichtig: Falls ihr am Sonntag nicht dabei sein k\u00f6nnt, teilt uns euren Wunsch gerne auf den bekannten Kontaktwegen mit.<\/p>\n\n\n\n<p>Und weil wir immer f\u00fcr eine \u00dcberraschung gut sind,  haben wir noch etwas, dass ihr am Ende mit nach Hause nehmen d\u00fcrft, damit die Ameland-Vorfreude so richtig steigt!<\/p>\n\n\n\n<p>Wir freuen uns auf den Saisonstart mit euch! \ud83d\ude42\u00a0<\/p>\n\n\n\n<p>Euer Team Orange <\/p>\n","protected":false},"excerpt":{"rendered":"<p>Noch 1,5 Monate, dann sehen wir unsere Lieblingsinsel wieder! Es wird Zeit, euch kennenzulernen! Passend zum Saisonauftakt der Ferienfreizeiten treffen wir uns f\u00fcr ein Kennenlernen der diesj\u00e4hrigen Teilnehmenden am Sonntag, den 15.06. um 10 Uhr im Garten des Walburgahauses Werl. Das Team Orange hat ein paar Spiele vorbereitet und freut sich sehr darauf, euch bei [&hellip;]<\/p>\n","protected":false},"author":3,"featured_media":12287,"comment_status":"closed","ping_status":"closed","sticky":false,"template":"","format":"standard","meta":{"ngg_post_thumbnail":0,"footnotes":""},"categories":[1],"tags":[],"class_list":{"0":"post-12279","1":"post","2":"type-post","3":"status-publish","4":"format-standard","5":"has-post-thumbnail","7":"category-allgemein","8":"czr-hentry"},"_links":{"self":[{"href":"https:\/\/www.vonameland.de\/index.php\/wp-json\/wp\/v2\/posts\/12279","targetHints":{"allow":["GET"]}}],"collection":[{"href":"https:\/\/www.vonameland.de\/index.php\/wp-json\/wp\/v2\/posts"}],"about":[{"href":"https:\/\/www.vonameland.de\/index.php\/wp-json\/wp\/v2\/types\/post"}],"author":[{"embeddable":true,"href":"https:\/\/www.vonameland.de\/index.php\/wp-json\/wp\/v2\/users\/3"}],"replies":[{"embeddable":true,"href":"https:\/\/www.vonameland.de\/index.php\/wp-json\/wp\/v2\/comments?post=12279"}],"version-history":[{"count":1,"href":"https:\/\/www.vonameland.de\/index.php\/wp-json\/wp\/v2\/posts\/12279\/revisions"}],"predecessor-version":[{"id":12281,"href":"https:\/\/www.vonameland.de\/index.php\/wp-json\/wp\/v2\/posts\/12279\/revisions\/12281"}],"wp:featuredmedia":[{"embeddable":true,"href":"https:\/\/www.vonameland.de\/index.php\/wp-json\/wp\/v2\/media\/12287"}],"wp:attachment":[{"href":"https:\/\/www.vonameland.de\/index.php\/wp-json\/wp\/v2\/media?parent=12279"}],"wp:term":[{"taxonomy":"category","embeddable":true,"href":"https:\/\/www.vonameland.de\/index.php\/wp-json\/wp\/v2\/categories?post=12279"},{"taxonomy":"post_tag","embeddable":true,"href":"https:\/\/www.vonameland.de\/index.php\/wp-json\/wp\/v2\/tags?post=12279"}],"curies":[{"name":"wp","href":"https:\/\/api.w.org\/{rel}","templated":true}]}}