{"id":12293,"date":"2025-07-18T12:00:00","date_gmt":"2025-07-18T10:00:00","guid":{"rendered":"https:\/\/www.vonameland.de\/?p=12293"},"modified":"2025-06-15T16:36:18","modified_gmt":"2025-06-15T14:36:18","slug":"kofferabgabe-2025","status":"publish","type":"post","link":"https:\/\/www.vonameland.de\/index.php\/2025\/07\/18\/kofferabgabe-2025\/","title":{"rendered":"Kofferabgabe 2025"},"content":{"rendered":"\n<p>Nur noch wenige Tage, bis wir uns erneut auf den Weg auf die Insel machen &#8211; der Countdown l\u00e4uft bereits und ihr setzt flei\u00dfig eure H\u00e4kchen. <\/p>\n\n\n\n<p>Damit ihr so entspannt wie m\u00f6glich am 4. August in euren langersehnten Sommerurlaub starten k\u00f6nnt, sehen wir uns am Freitag zur Gep\u00e4ckaufgabe. <\/p>\n\n\n\n<p>Datum: Freitag, 01. August &#8211; Kofferabgabe 17:30 &#8211; 19:30 Uhr<br>Ort: Amelandlager am Olakenweg 35A, 59457 Werl<br>Parken: Bitte nutzen Sie die Parkbuchten und den gro\u00dfen Parkplatz von Neuhaus Leuchten am Olakenweg 36. Diese sind nur ein paar Meter vom Lager entfernt. Wir ben\u00f6tigen den Platz direkt vor dem Lager f\u00fcr das Beladen den LKWs und die Gep\u00e4ckannahme. <br><br>Wir stehen f\u00fcr euch ab 17:30 Uhr bis 19:30 Uhr bereit und nehmen eure Koffer und Unterlagen entgegen. <\/p>\n\n\n\n<p>Checkt vorher nochmal die Packliste: Habt ihr alles dabei, was draufsteht &#8211; Strandtuch, Helm, Schlafsachen und Co.? Liegen Ausweis, Krankenkassenkarte und Impfausweis parat? &#8211; Dann kann es losgehen. <\/p>\n\n\n\n<p>Vor Ort trefft ihr auf unser Team Orange und ebenso die gef\u00fcrchtete Kofferwaage. <br>Au\u00dferdem stehen die Ansprechpartnerinnen, die die Unterlagen der Kinder verwalten, bereit. Mit ihnen k\u00f6nnen alle Infos zum Medikamentenplan oder weitere Themen besprochen werden. <br>Bringt also gerne etwas Zeit mit, da wir uns f\u00fcr jeden Teilnehmenden Zeit nehmen. <\/p>\n\n\n\n<p><strong>Kuchen geht immer!<\/strong><\/p>\n\n\n\n<p>Wir und vor allem die Kinder und Jugendlichen freuen sich sehr \u00fcber Kuchenspenden, die uns die Ferienfreizeit vers\u00fc\u00dfen! Feste Kuchen, Muffins (ohne Cremef\u00fcllung), die gut einzufrieren sind, da wir diese nach und nach auftauen werden. Bitte in Alufolie (keine Tupper!) einwickeln und beschriften, um was f\u00fcr einen Kuchen es sich handelt.<\/p>\n\n\n\n<p>Wir freuen uns auf ein Wiedersehen am Freitag! <\/p>\n\n\n\n<p>Mit vorfreudigsten Gr\u00fc\u00dfen <\/p>\n\n\n\n<p>Euer <mark style=\"background-color:rgba(0, 0, 0, 0)\" class=\"has-inline-color has-luminous-vivid-orange-color\"><strong>Team Orange<\/strong><\/mark><\/p>\n\n\n\n<p><\/p>\n","protected":false},"excerpt":{"rendered":"<p>Nur noch wenige Tage, bis wir uns erneut auf den Weg auf die Insel machen &#8211; der Countdown l\u00e4uft bereits und ihr setzt flei\u00dfig eure H\u00e4kchen. Damit ihr so entspannt wie m\u00f6glich am 4. August in euren langersehnten Sommerurlaub starten k\u00f6nnt, sehen wir uns am Freitag zur Gep\u00e4ckaufgabe. Datum: Freitag, 01. August &#8211; Kofferabgabe 17:30 [&hellip;]<\/p>\n","protected":false},"author":3,"featured_media":12294,"comment_status":"closed","ping_status":"closed","sticky":false,"template":"","format":"standard","meta":{"ngg_post_thumbnail":0,"footnotes":""},"categories":[1,47],"tags":[],"class_list":{"0":"post-12293","1":"post","2":"type-post","3":"status-publish","4":"format-standard","5":"has-post-thumbnail","7":"category-allgemein","8":"category-ameland-2025","9":"czr-hentry"},"_links":{"self":[{"href":"https:\/\/www.vonameland.de\/index.php\/wp-json\/wp\/v2\/posts\/12293","targetHints":{"allow":["GET"]}}],"collection":[{"href":"https:\/\/www.vonameland.de\/index.php\/wp-json\/wp\/v2\/posts"}],"about":[{"href":"https:\/\/www.vonameland.de\/index.php\/wp-json\/wp\/v2\/types\/post"}],"author":[{"embeddable":true,"href":"https:\/\/www.vonameland.de\/index.php\/wp-json\/wp\/v2\/users\/3"}],"replies":[{"embeddable":true,"href":"https:\/\/www.vonameland.de\/index.php\/wp-json\/wp\/v2\/comments?post=12293"}],"version-history":[{"count":4,"href":"https:\/\/www.vonameland.de\/index.php\/wp-json\/wp\/v2\/posts\/12293\/revisions"}],"predecessor-version":[{"id":12332,"href":"https:\/\/www.vonameland.de\/index.php\/wp-json\/wp\/v2\/posts\/12293\/revisions\/12332"}],"wp:featuredmedia":[{"embeddable":true,"href":"https:\/\/www.vonameland.de\/index.php\/wp-json\/wp\/v2\/media\/12294"}],"wp:attachment":[{"href":"https:\/\/www.vonameland.de\/index.php\/wp-json\/wp\/v2\/media?parent=12293"}],"wp:term":[{"taxonomy":"category","embeddable":true,"href":"https:\/\/www.vonameland.de\/index.php\/wp-json\/wp\/v2\/categories?post=12293"},{"taxonomy":"post_tag","embeddable":true,"href":"https:\/\/www.vonameland.de\/index.php\/wp-json\/wp\/v2\/tags?post=12293"}],"curies":[{"name":"wp","href":"https:\/\/api.w.org\/{rel}","templated":true}]}}