{"id":12771,"date":"2026-01-06T16:27:21","date_gmt":"2026-01-06T15:27:21","guid":{"rendered":"https:\/\/www.vonameland.de\/?p=12771"},"modified":"2026-01-16T11:33:30","modified_gmt":"2026-01-16T10:33:30","slug":"noch-freie-plaetze-fuer-die-ferienfreizeit-2026","status":"publish","type":"post","link":"https:\/\/www.vonameland.de\/index.php\/2026\/01\/06\/noch-freie-plaetze-fuer-die-ferienfreizeit-2026\/","title":{"rendered":"Noch freie Pl\u00e4tze f\u00fcr die Ferienfreizeit 2026"},"content":{"rendered":"\n<p>Die Vorfreude auf den Sommer 2026 steigt \u2013 und wir haben gute Nachrichten:&nbsp;<strong>F\u00fcr unsere Ferienfreizeit auf Ameland sind noch Teilnehmerpl\u00e4tze f\u00fcr Jungen und M\u00e4dchen frei!<\/strong><\/p>\n\n\n\n<p>Gemeinsam verbringen wir eine unvergessliche Zeit auf der wundersch\u00f6nen niederl\u00e4ndischen Insel. Strandtage, Spiele im Freien, kreative Aktionen, Ausfl\u00fcge, neue Freundschaften und ganz viel Nordseeluft geh\u00f6ren nat\u00fcrlich dazu. <br>Unser Sommertraum bietet eine tolle Mischung aus Abenteuer, Gemeinschaft und Erholung! <\/p>\n\n\n\n<p>Ob erste Ferienfreizeit oder schon \u201eAmeland-erprobt\u201c: Bei uns sind alle willkommen, die Lust auf eine besondere Auszeit vom Alltag haben.<\/p>\n\n\n\n<p>Jetzt anmelden und einen Platz sichern: <a href=\"https:\/\/www.vonameland.de\/index.php\/anmeldung-ameland\/\" data-type=\"link\" data-id=\"https:\/\/www.vonameland.de\/index.php\/anmeldung-ameland\/\">zur Anmeldung 2026<\/a><\/p>\n\n\n\n<p>Werft gerne einen Blick auf unsere \u00dcbersicht zum kommenden Sommer <a href=\"https:\/\/www.vonameland.de\/index.php\/ameland-2024\/\" data-type=\"link\" data-id=\"https:\/\/www.vonameland.de\/index.php\/ameland-2024\/\">Ameland 2026 &#8211; auf einen Blick<\/a>. Bei Fragen stehen wir euch jederzeit gerne zur Verf\u00fcgung unter der E-Mail <a href=\"mailto:ferientraum@vonameland.de\">ferientraum@vonameland.de<\/a> oder ruft einfach an: <a href=\"tel:+491718705375\">+491718705375<\/a><\/p>\n\n\n\n<p>Wir freuen uns auf einen gro\u00dfartigen Sommer 2026 auf Ameland!<\/p>\n\n\n\n<p>Euer Team Orange \ud83c\udf4a<\/p>\n\n\n\n<p><\/p>\n","protected":false},"excerpt":{"rendered":"<p>Die Vorfreude auf den Sommer 2026 steigt \u2013 und wir haben gute Nachrichten:&nbsp;F\u00fcr unsere Ferienfreizeit auf Ameland sind noch Teilnehmerpl\u00e4tze f\u00fcr Jungen und M\u00e4dchen frei! Gemeinsam verbringen wir eine unvergessliche Zeit auf der wundersch\u00f6nen niederl\u00e4ndischen Insel. Strandtage, Spiele im Freien, kreative Aktionen, Ausfl\u00fcge, neue Freundschaften und ganz viel Nordseeluft geh\u00f6ren nat\u00fcrlich dazu. Unser Sommertraum bietet [&hellip;]<\/p>\n","protected":false},"author":3,"featured_media":12773,"comment_status":"closed","ping_status":"closed","sticky":false,"template":"","format":"standard","meta":{"ngg_post_thumbnail":0,"footnotes":""},"categories":[1,48],"tags":[],"class_list":{"0":"post-12771","1":"post","2":"type-post","3":"status-publish","4":"format-standard","5":"has-post-thumbnail","7":"category-allgemein","8":"category-ameland-2026","9":"czr-hentry"},"_links":{"self":[{"href":"https:\/\/www.vonameland.de\/index.php\/wp-json\/wp\/v2\/posts\/12771","targetHints":{"allow":["GET"]}}],"collection":[{"href":"https:\/\/www.vonameland.de\/index.php\/wp-json\/wp\/v2\/posts"}],"about":[{"href":"https:\/\/www.vonameland.de\/index.php\/wp-json\/wp\/v2\/types\/post"}],"author":[{"embeddable":true,"href":"https:\/\/www.vonameland.de\/index.php\/wp-json\/wp\/v2\/users\/3"}],"replies":[{"embeddable":true,"href":"https:\/\/www.vonameland.de\/index.php\/wp-json\/wp\/v2\/comments?post=12771"}],"version-history":[{"count":3,"href":"https:\/\/www.vonameland.de\/index.php\/wp-json\/wp\/v2\/posts\/12771\/revisions"}],"predecessor-version":[{"id":12779,"href":"https:\/\/www.vonameland.de\/index.php\/wp-json\/wp\/v2\/posts\/12771\/revisions\/12779"}],"wp:featuredmedia":[{"embeddable":true,"href":"https:\/\/www.vonameland.de\/index.php\/wp-json\/wp\/v2\/media\/12773"}],"wp:attachment":[{"href":"https:\/\/www.vonameland.de\/index.php\/wp-json\/wp\/v2\/media?parent=12771"}],"wp:term":[{"taxonomy":"category","embeddable":true,"href":"https:\/\/www.vonameland.de\/index.php\/wp-json\/wp\/v2\/categories?post=12771"},{"taxonomy":"post_tag","embeddable":true,"href":"https:\/\/www.vonameland.de\/index.php\/wp-json\/wp\/v2\/tags?post=12771"}],"curies":[{"name":"wp","href":"https:\/\/api.w.org\/{rel}","templated":true}]}}