{"id":12806,"date":"2026-04-26T18:00:00","date_gmt":"2026-04-26T16:00:00","guid":{"rendered":"https:\/\/www.vonameland.de\/?p=12806"},"modified":"2026-04-25T23:31:44","modified_gmt":"2026-04-25T21:31:44","slug":"elternabend-2026","status":"publish","type":"post","link":"https:\/\/www.vonameland.de\/index.php\/2026\/04\/26\/elternabend-2026\/","title":{"rendered":"Elternabend 2026"},"content":{"rendered":"\n<p>Herzliche Einladung zum Elternabend f\u00fcr die <a href=\"https:\/\/www.vonameland.de\/index.php\/ameland-2024\/\" data-type=\"link\" data-id=\"https:\/\/www.vonameland.de\/index.php\/ameland-2024\/\">Ferienfreizeit 2026<\/a>!<\/p>\n\n\n\n<p>Am\u00a0<strong>Donnerstag, den 7. Mai<\/strong>, laden wir alle Eltern ganz herzlich zum Elternabend ins\u00a0<strong>Walburgahaus in Werl<\/strong>\u00a0ein. Beginn ist um\u00a0<strong>19 Uhr<\/strong> und endet ca. um 20 Uhr. <\/p>\n\n\n\n<p>Zu Beginn stellen wir Ihnen das\u00a0<mark style=\"background-color:rgba(0, 0, 0, 0)\" class=\"has-inline-color has-luminous-vivid-orange-color\">Team Orange<\/mark>\u00a0vor. Anschlie\u00dfend erhalten Sie einen Einblick in unsere Lieblingsinsel Ameland sowie in einen typischen Tagesablauf im Lagerleben.<\/p>\n\n\n\n<p>Dar\u00fcber hinaus informieren wir Sie umfassend \u00fcber die Abfahrt, die Kofferabgabe und stellen Ihnen eine Packliste zur Verf\u00fcgung \u2013 damit Sie und Ihr Kind bestens vorbereitet sind.<\/p>\n\n\n\n<p>Selbstverst\u00e4ndlich nehmen wir uns am Ende auch Zeit f\u00fcr Ihre Fragen.<\/p>\n\n\n\n<p>Aktuell sind noch einige freie Pl\u00e4tze verf\u00fcgbar \u2013 falls Sie also noch interessierte Kinder kennen, geben Sie die Information gerne weiter.<\/p>\n\n\n\n<p>Wir freuen uns auf einen sch\u00f6nen Abend mit Ihnen!<\/p>\n\n\n\n<p>Das Team Orange <\/p>\n","protected":false},"excerpt":{"rendered":"<p>Herzliche Einladung zum Elternabend f\u00fcr die Ferienfreizeit 2026! Am\u00a0Donnerstag, den 7. Mai, laden wir alle Eltern ganz herzlich zum Elternabend ins\u00a0Walburgahaus in Werl\u00a0ein. Beginn ist um\u00a019 Uhr und endet ca. um 20 Uhr. Zu Beginn stellen wir Ihnen das\u00a0Team Orange\u00a0vor. Anschlie\u00dfend erhalten Sie einen Einblick in unsere Lieblingsinsel Ameland sowie in einen typischen Tagesablauf im [&hellip;]<\/p>\n","protected":false},"author":3,"featured_media":12807,"comment_status":"closed","ping_status":"closed","sticky":false,"template":"","format":"standard","meta":{"ngg_post_thumbnail":0,"footnotes":""},"categories":[1,48],"tags":[],"class_list":{"0":"post-12806","1":"post","2":"type-post","3":"status-publish","4":"format-standard","5":"has-post-thumbnail","7":"category-allgemein","8":"category-ameland-2026","9":"czr-hentry"},"_links":{"self":[{"href":"https:\/\/www.vonameland.de\/index.php\/wp-json\/wp\/v2\/posts\/12806","targetHints":{"allow":["GET"]}}],"collection":[{"href":"https:\/\/www.vonameland.de\/index.php\/wp-json\/wp\/v2\/posts"}],"about":[{"href":"https:\/\/www.vonameland.de\/index.php\/wp-json\/wp\/v2\/types\/post"}],"author":[{"embeddable":true,"href":"https:\/\/www.vonameland.de\/index.php\/wp-json\/wp\/v2\/users\/3"}],"replies":[{"embeddable":true,"href":"https:\/\/www.vonameland.de\/index.php\/wp-json\/wp\/v2\/comments?post=12806"}],"version-history":[{"count":2,"href":"https:\/\/www.vonameland.de\/index.php\/wp-json\/wp\/v2\/posts\/12806\/revisions"}],"predecessor-version":[{"id":12810,"href":"https:\/\/www.vonameland.de\/index.php\/wp-json\/wp\/v2\/posts\/12806\/revisions\/12810"}],"wp:featuredmedia":[{"embeddable":true,"href":"https:\/\/www.vonameland.de\/index.php\/wp-json\/wp\/v2\/media\/12807"}],"wp:attachment":[{"href":"https:\/\/www.vonameland.de\/index.php\/wp-json\/wp\/v2\/media?parent=12806"}],"wp:term":[{"taxonomy":"category","embeddable":true,"href":"https:\/\/www.vonameland.de\/index.php\/wp-json\/wp\/v2\/categories?post=12806"},{"taxonomy":"post_tag","embeddable":true,"href":"https:\/\/www.vonameland.de\/index.php\/wp-json\/wp\/v2\/tags?post=12806"}],"curies":[{"name":"wp","href":"https:\/\/api.w.org\/{rel}","templated":true}]}}