{"id":13394,"date":"2026-08-31T23:04:52","date_gmt":"2026-08-31T21:04:52","guid":{"rendered":"https:\/\/www.vonameland.de\/?p=13394"},"modified":"2026-08-31T23:04:55","modified_gmt":"2026-08-31T21:04:55","slug":"moonlight-shopping-werl","status":"publish","type":"post","link":"https:\/\/www.vonameland.de\/index.php\/2026\/08\/31\/moonlight-shopping-werl\/","title":{"rendered":"Moonlight Shopping Werl"},"content":{"rendered":"\n<p class=\"wp-block-paragraph\">Der Sommertraum ist vorbei \u2013 aber ein bisschen Ameland-Gef\u00fchl wollen wir noch mit euch teilen!<\/p>\n\n\n\n<p class=\"wp-block-paragraph\">Am\u00a0<strong>Freitag, den 4. September<\/strong>, ist es wieder soweit: Das\u00a0<strong>Moonlight Shopping Werl\u00a0<\/strong>steht an und nat\u00fcrlich ist das Team Orange traditionell dabei! <\/p>\n\n\n\n<p class=\"wp-block-paragraph\">Wir d\u00fcrfen erneut zu Gast bei\u00a0<strong>Wieschebrocks<\/strong>\u00a0sein und freuen uns darauf, euch im Innenhof mit unseren leckeren Cocktails zu versorgen. Ob mit oder ohne Alkohol \u2013 bei uns findet jeder seinen Lieblingsdrink.<\/p>\n\n\n\n<p class=\"wp-block-paragraph\"><strong>Wieschebrocks<\/strong> haben wieder einiges zu bieten: Es wird k\u00fchle Getr\u00e4nke geben, w\u00e4hrend <strong>Im Winkel<\/strong>\u00a0f\u00fcr Leckeres vom Grill sorgt. Dazu gibt es \u00a0<strong>Live-Musik<\/strong>\u00a0und hoffentlich einen lauen Sp\u00e4tsommerabend.<\/p>\n\n\n\n<p class=\"wp-block-paragraph\">Wir freuen uns ganz besonders darauf, viele bekannte Gesichter wiederzusehen:\u00a0Teilnehmende unserer Ferienfreizeit, Ehemalige, Eltern, Freunde und Unterst\u00fctzer\u00a0\u2013 kommt vorbei, sto\u00dft mit uns an und lasst uns gemeinsam ein kleines St\u00fcck Sommertraum erleben.<\/p>\n\n\n\n<p class=\"wp-block-paragraph\"><strong>Wir freuen uns auf euch!<\/strong><\/p>\n\n\n\n<p class=\"wp-block-paragraph\">Euer Team Orange \ud83e\udde1<\/p>\n","protected":false},"excerpt":{"rendered":"<p>Der Sommertraum ist vorbei \u2013 aber ein bisschen Ameland-Gef\u00fchl wollen wir noch mit euch teilen! Am\u00a0Freitag, den 4. September, ist es wieder soweit: Das\u00a0Moonlight Shopping Werl\u00a0steht an und nat\u00fcrlich ist das Team Orange traditionell dabei! Wir d\u00fcrfen erneut zu Gast bei\u00a0Wieschebrocks\u00a0sein und freuen uns darauf, euch im Innenhof mit unseren leckeren Cocktails zu versorgen. Ob [&hellip;]<\/p>\n","protected":false},"author":3,"featured_media":13395,"comment_status":"closed","ping_status":"closed","sticky":false,"template":"","format":"standard","meta":{"footnotes":""},"categories":[48],"tags":[],"class_list":["post-13394","post","type-post","status-publish","format-standard","has-post-thumbnail","category-ameland-2026","czr-hentry"],"_links":{"self":[{"href":"https:\/\/www.vonameland.de\/index.php\/wp-json\/wp\/v2\/posts\/13394","targetHints":{"allow":["GET"]}}],"collection":[{"href":"https:\/\/www.vonameland.de\/index.php\/wp-json\/wp\/v2\/posts"}],"about":[{"href":"https:\/\/www.vonameland.de\/index.php\/wp-json\/wp\/v2\/types\/post"}],"author":[{"embeddable":true,"href":"https:\/\/www.vonameland.de\/index.php\/wp-json\/wp\/v2\/users\/3"}],"replies":[{"embeddable":true,"href":"https:\/\/www.vonameland.de\/index.php\/wp-json\/wp\/v2\/comments?post=13394"}],"version-history":[{"count":2,"href":"https:\/\/www.vonameland.de\/index.php\/wp-json\/wp\/v2\/posts\/13394\/revisions"}],"predecessor-version":[{"id":13397,"href":"https:\/\/www.vonameland.de\/index.php\/wp-json\/wp\/v2\/posts\/13394\/revisions\/13397"}],"wp:featuredmedia":[{"embeddable":true,"href":"https:\/\/www.vonameland.de\/index.php\/wp-json\/wp\/v2\/media\/13395"}],"wp:attachment":[{"href":"https:\/\/www.vonameland.de\/index.php\/wp-json\/wp\/v2\/media?parent=13394"}],"wp:term":[{"taxonomy":"category","embeddable":true,"href":"https:\/\/www.vonameland.de\/index.php\/wp-json\/wp\/v2\/categories?post=13394"},{"taxonomy":"post_tag","embeddable":true,"href":"https:\/\/www.vonameland.de\/index.php\/wp-json\/wp\/v2\/tags?post=13394"}],"curies":[{"name":"wp","href":"https:\/\/api.w.org\/{rel}","templated":true}]}}