{"id":8280,"date":"2019-07-27T14:58:46","date_gmt":"2019-07-27T12:58:46","guid":{"rendered":"https:\/\/vonameland.de\/?p=8280"},"modified":"2021-09-19T22:30:27","modified_gmt":"2021-09-19T20:30:27","slug":"die-insel-ruft","status":"publish","type":"post","link":"https:\/\/www.vonameland.de\/index.php\/2019\/07\/27\/die-insel-ruft\/","title":{"rendered":"Die Insel ruft!"},"content":{"rendered":"\n<p>Unser Vorfahrer-Team hat sich heute morgen schon auf die Socken gemacht. Inklusive LKW und dem K\u00fchlanh\u00e4nger, der gestern noch bei der Bauerntour mit frischem Obst und Gem\u00fcse bef\u00fcllt wurde, ging es los Richtung Ameland.<\/p>\n\n\n\n<p>W\u00e4hrend das Team auf der Insel alles f\u00fcr uns vorbereitet, werden wir uns auch in die Startl\u00f6cher begeben und folgen.<\/p>\n\n\n\n<p>Wir treffen uns um <strong>5:30<\/strong> <strong>an der Overbergschule in Werl<\/strong>  &#8211; um 6:00 Uhr ist Abfahrt!<br>Denkt an euer Ameland-Express Ticket \ud83d\ude42 <\/p>\n\n\n\n<p>Wir freuen uns riesig auf zwei abenteuerreiche und auch entspannte Wochen auf unserer Lieblingsinsel! <\/p>\n\n\n\n<p>Bis morgen fr\u00fch, euer Team Orange<\/p>\n\n\n\n<figure class=\"wp-block-image size-large is-style-rounded\"><img loading=\"lazy\" decoding=\"async\" width=\"768\" height=\"1024\" src=\"https:\/\/neu2.vonameland.de\/wp-content\/uploads\/2019\/07\/WhatsApp-Image-2019-07-27-at-11.46.17-768x1024.jpeg\" alt=\"\" class=\"wp-image-9601\" srcset=\"https:\/\/www.vonameland.de\/wp-content\/uploads\/2019\/07\/WhatsApp-Image-2019-07-27-at-11.46.17-768x1024.jpeg 768w, https:\/\/www.vonameland.de\/wp-content\/uploads\/2019\/07\/WhatsApp-Image-2019-07-27-at-11.46.17-225x300.jpeg 225w, https:\/\/www.vonameland.de\/wp-content\/uploads\/2019\/07\/WhatsApp-Image-2019-07-27-at-11.46.17-570x760.jpeg 570w, https:\/\/www.vonameland.de\/wp-content\/uploads\/2019\/07\/WhatsApp-Image-2019-07-27-at-11.46.17.jpeg 900w\" sizes=\"auto, (max-width: 768px) 100vw, 768px\" \/><\/figure>\n","protected":false},"excerpt":{"rendered":"<p>Unser Vorfahrer-Team hat sich heute morgen schon auf die Socken gemacht. Inklusive LKW und dem K\u00fchlanh\u00e4nger, der gestern noch bei der Bauerntour mit frischem Obst und Gem\u00fcse bef\u00fcllt wurde, ging es los Richtung Ameland. W\u00e4hrend das Team auf der Insel alles f\u00fcr uns vorbereitet, werden wir uns auch in die Startl\u00f6cher begeben und folgen. Wir [&hellip;]<\/p>\n","protected":false},"author":3,"featured_media":9601,"comment_status":"closed","ping_status":"closed","sticky":false,"template":"","format":"standard","meta":{"ngg_post_thumbnail":0,"footnotes":""},"categories":[1,4],"tags":[],"class_list":{"0":"post-8280","1":"post","2":"type-post","3":"status-publish","4":"format-standard","5":"has-post-thumbnail","7":"category-allgemein","8":"category-ameland-2019","9":"czr-hentry"},"_links":{"self":[{"href":"https:\/\/www.vonameland.de\/index.php\/wp-json\/wp\/v2\/posts\/8280","targetHints":{"allow":["GET"]}}],"collection":[{"href":"https:\/\/www.vonameland.de\/index.php\/wp-json\/wp\/v2\/posts"}],"about":[{"href":"https:\/\/www.vonameland.de\/index.php\/wp-json\/wp\/v2\/types\/post"}],"author":[{"embeddable":true,"href":"https:\/\/www.vonameland.de\/index.php\/wp-json\/wp\/v2\/users\/3"}],"replies":[{"embeddable":true,"href":"https:\/\/www.vonameland.de\/index.php\/wp-json\/wp\/v2\/comments?post=8280"}],"version-history":[{"count":1,"href":"https:\/\/www.vonameland.de\/index.php\/wp-json\/wp\/v2\/posts\/8280\/revisions"}],"predecessor-version":[{"id":9602,"href":"https:\/\/www.vonameland.de\/index.php\/wp-json\/wp\/v2\/posts\/8280\/revisions\/9602"}],"wp:featuredmedia":[{"embeddable":true,"href":"https:\/\/www.vonameland.de\/index.php\/wp-json\/wp\/v2\/media\/9601"}],"wp:attachment":[{"href":"https:\/\/www.vonameland.de\/index.php\/wp-json\/wp\/v2\/media?parent=8280"}],"wp:term":[{"taxonomy":"category","embeddable":true,"href":"https:\/\/www.vonameland.de\/index.php\/wp-json\/wp\/v2\/categories?post=8280"},{"taxonomy":"post_tag","embeddable":true,"href":"https:\/\/www.vonameland.de\/index.php\/wp-json\/wp\/v2\/tags?post=8280"}],"curies":[{"name":"wp","href":"https:\/\/api.w.org\/{rel}","templated":true}]}}